{"id":61069,"date":"2019-12-19T07:22:18","date_gmt":"2019-12-18T23:22:18","guid":{"rendered":"https:\/\/blog.comfort-works.com\/das-backamo-schlafsofa-endlich-reviewed\/"},"modified":"2024-01-30T11:04:19","modified_gmt":"2024-01-30T03:04:19","slug":"das-backamo-schlafsofa-endlich-reviewed","status":"publish","type":"post","link":"https:\/\/blog.comfort-works.com\/de\/das-backamo-schlafsofa-endlich-reviewed\/","title":{"rendered":"Das Backamo-Schlafsofa \u2013 endlich Reviewed"},"content":{"rendered":"<p><span style=\"font-weight: 400\">Es war einmal ein<\/span><span style=\"font-weight: 400\"> Bettsofa<\/span><span style=\"font-weight: 400\"> namens Backamo, das bei IKEA erh\u00e4ltlich war. Irgendwann nach 2000 und vor 2010 wurde es zum Leidwesen vieler eingestellt. Das Backamo-Bettsofa sieht genauso aus wie das Backamo, aber im wahren IKEA-Stil sind die Sofabez\u00fcge nicht austauschbar (im Gegensatz zu Pottery Barn-Sofas und Bettsofas).&nbsp;<\/span><\/p>\n<p><span style=\"font-weight: 400\">&nbsp;<\/span><\/p>\n<h2><span style=\"font-weight: 400\">Was wir \u00fcber das Backamo Schlafsofa wissen:<\/span><\/h2>\n<ul>\n<li><span style=\"font-weight: 400\">Es hat 2 Sitzkissen und 6 lose R\u00fcckenkissen &#8211; 4 gro\u00dfe und 2 kleinere quadratische Kissen.<\/span><\/li>\n<li><span style=\"font-weight: 400\">Runde Armlehnen, die leicht nach au\u00dfen geneigt sind. Die R\u00fcckenlehne ist genauso hoch wie die Armlehnen.<\/span><\/li>\n<li><span style=\"font-weight: 400\">Der <\/span><span style=\"font-weight: 400\">Original-<\/span><span style=\"font-weight: 400\">Sofabezug hat Eckfalten und eine weitere Falte in der Mitte unterhalb des Sitzes.<\/span><\/li>\n<li><span style=\"font-weight: 400\">Das Backamo wurde vor langer Zeit verkauft, aber es gibt noch einige Exemplare, die \u00fcberlebt haben und etwas Liebe brauchen.<\/span><span style=\"font-weight: 400\">\ud83d\ude42<\/span><\/li>\n<\/ul>\n<p><span style=\"font-weight: 400\"> <\/span><\/p>\n<p><span style=\"font-weight: 400\">&nbsp;<\/span><span style=\"font-weight: 400\">Das Bettsofa Backamo hat schon bessere Zeiten gesehen<\/span><\/p>\n<p><span style=\"font-weight: 400\"> <\/span><\/p>\n<p><span style=\"font-weight: 400\">Die <\/span><span style=\"font-weight: 400\">Kissen <\/span><span style=\"font-weight: 400\">wurden <\/span><span style=\"font-weight: 400\">entfernt, um die Klappbettfunktion zu zeigen.<\/span><\/p>\n<p><span style=\"font-weight: 400\">&nbsp;<\/span><\/p>\n<h2><span style=\"font-weight: 400\">H\u00e4ufig Modelle, mit denen das Backamo verwechselt wird:<\/span><\/h2>\n<p><span style=\"font-weight: 400\">&#8211; Das <a href=\"https:\/\/blog.comfort-works.com\/discontinued-ikea-varnamo-sofa-the-ektorp-predecessor\/\">Varnamo-Sofa<\/a> hat 2 Sitzkissen und eine ungerade Anzahl von R\u00fcckenkissen, wie das Backamo, aber es ist urspr\u00fcnglich gepolstert und nicht bezogen (zumindest bevor es uns gegeben hat).<\/span><\/p>\n<p><span style=\"font-weight: 400\">&nbsp;<\/span><\/p>\n<p><span style=\"font-weight: 400\">&#8211; Das <a href=\"https:\/\/comfort-works.com\/collections\/ikea-backamo-slipcovers\">Backamo-Sofa<\/a> sieht genauso aus wie das Backamo-Bettsofa ohne Bettfunktion. Gr\u00f6\u00dfentechnisch sind sie fast gleich. Das Sofa ist allerdings mit 212 cm kleiner als das Bettsofa mit 218 cm, sodass der Sofabezug nicht passt.&nbsp;&nbsp;<\/span><span style=\"font-weight: 400\">&nbsp;<\/span><\/p>\n<p><span style=\"font-weight: 400\">&#8211; <\/span><span style=\"font-weight: 400\">Einer unserer Kunden dachte, er h\u00e4tte das <a href=\"https:\/\/comfort-works.com\/en\/ektorp-sofa-covers\/ektorp-2-seat-sofa-bed-slipcover-225\">Ektorp 2-Sitz-Bettsofa<\/a>,<\/span><span style=\"font-weight: 400\"> bevor er seinen Fehler bemerkte. Wenn du dir das Foto oben ansiehst, kannst du sehen, warum man die Sofas leicht verwechseln kann. Das Ektorp hat abgerundete Armlehnen und unter dem Sitz eine gro\u00dfe L\u00fccke.<\/span><\/p>\n<p><span style=\"font-weight: 400\">&nbsp;<\/span><\/p>\n<h2><span style=\"font-weight: 400\">Ersatzbez\u00fcge f\u00fcr das Bettsofa Backamo<\/span><\/h2>\n<p><span style=\"font-weight: 400\">Wir haben von dem Backamo-Bettsofa geh\u00f6rt, aber da es ein so altes, un\u00fcbersichtliches Modell ist, hatten wir bis zu Beginn dieses Jahres keine Gelegenheit, einen Sofabezug daf\u00fcr zu erstellen. Wir konnten nicht einmal konkret sagen, ob es sich um das Backamo handelt, bis uns jemand ein Etikett an dem Sofa zeigte .<\/span><\/p>\n<p><span style=\"font-weight: 400\">&nbsp;<\/span><\/p>\n<p><span style=\"font-weight: 400\">Seitdem hatten wir zwei M\u00f6glichkeiten, Sofabez\u00fcge f\u00fcr dieses Bettsofa zu entwerfen, und ich muss sagen, die Tatsache, dass wir Sofas retten, die fast 20 Jahre alt sind, hat mich umgehauen. Ber\u00fccksichtigt man erneut, dass der Schaum in den Kissen immer noch dick und bequem ist, kann man so alte M\u00f6bel am Leben erhalten und von den M\u00fclldeponien fernhalten.<\/span><\/p>\n<p><span style=\"font-weight: 400\"> <\/span><span style=\"font-weight: 400\">Ein neu bezogenes Backamo-Bettsofa<\/span><\/p>\n<p><span style=\"font-weight: 400\">Wenn du glaubst, ein bestimmtes Sofa zu haben, oder wenn du dir nicht sicher bist, welches Sofa du hast, schreib uns! Wir freuen uns, mit Hilfe einiger Fotos Detektiv zu spielen. Wenn wir es nicht erkennen, k\u00f6nnen wir m\u00f6glicherweise auch <a href=\"https:\/\/comfort-works.com\/en\/home\/customized-sofa-slipcover-541\/\">individuelle<\/a><\/span><a href=\"https:\/\/comfort-works.com\/en\/home\/customized-sofa-slipcover-541\/\"><span style=\"font-weight: 400\"> Bez\u00fcge <\/span><\/a><span style=\"font-weight: 400\">f\u00fcr dich anfertigen. :)<\/span><\/p>\n","protected":false},"excerpt":{"rendered":"<p>Es war einmal ein Bettsofa namens Backamo, das bei IKEA erh\u00e4ltlich war. Irgendwann nach 2000 und vor 2010 wurde es zum Leidwesen vieler eingestellt. Das Backamo-Bettsofa sieht genauso aus wie das Backamo, aber im wahren IKEA-Stil sind die Sofabez\u00fcge nicht austauschbar (im Gegensatz zu Pottery Barn-Sofas und Bettsofas).&nbsp; &nbsp; Was wir \u00fcber das Backamo Schlafsofa [&hellip;]<\/p>\n","protected":false},"author":1001011,"featured_media":20242,"comment_status":"open","ping_status":"closed","sticky":false,"template":"","format":"standard","meta":{"_acf_changed":false,"footnotes":""},"categories":[],"tags":[1451,587,973],"class_list":["post-61069","post","type-post","status-publish","format-standard","has-post-thumbnail","hentry","tag-bettsofas","tag-ikea-de","tag-sofa-beds"],"acf":[],"yoast_head":"<!-- This site is optimized with the Yoast SEO Premium plugin v25.1 (Yoast SEO v25.1) - https:\/\/yoast.com\/wordpress\/plugins\/seo\/ -->\n<title>Das Backamo-Schlafsofa \u2013 endlich Reviewed<\/title>\n<meta name=\"description\" content=\"Es war einmal ein Bettsofa namens Backamo, das bei IKEA erh\u00e4ltlich war. Irgendwann nach 2000 und vor 2010 wurde es zum Leidwesen vieler eingestellt.\" \/>\n<meta name=\"robots\" content=\"index, follow, max-snippet:-1, max-image-preview:large, max-video-preview:-1\" \/>\n<link rel=\"canonical\" href=\"https:\/\/blog.comfort-works.com\/de\/das-backamo-schlafsofa-endlich-reviewed\/\" \/>\n<meta property=\"og:locale\" content=\"de_DE\" \/>\n<meta property=\"og:type\" content=\"article\" \/>\n<meta property=\"og:title\" content=\"Das Backamo-Schlafsofa \u2013 endlich Reviewed\" \/>\n<meta property=\"og:description\" content=\"Es war einmal ein Bettsofa namens Backamo, das bei IKEA erh\u00e4ltlich war. Irgendwann nach 2000 und vor 2010 wurde es zum Leidwesen vieler eingestellt.\" \/>\n<meta property=\"og:url\" content=\"https:\/\/blog.comfort-works.com\/de\/das-backamo-schlafsofa-endlich-reviewed\/\" \/>\n<meta property=\"og:site_name\" content=\"Comfort Works Blog &amp; Design Inspirationen\" \/>\n<meta property=\"article:publisher\" content=\"https:\/\/www.facebook.com\/comfortworkscovers\" \/>\n<meta property=\"article:published_time\" content=\"2019-12-18T23:22:18+00:00\" \/>\n<meta property=\"article:modified_time\" content=\"2024-01-30T03:04:19+00:00\" \/>\n<meta property=\"og:image\" content=\"https:\/\/blog-v3.comfort-works.com\/wp-content\/uploads\/2016\/12\/IMG_0254-scaled.jpg\" \/>\n\t<meta property=\"og:image:width\" content=\"4032\" \/>\n\t<meta property=\"og:image:height\" content=\"3024\" \/>\n\t<meta property=\"og:image:type\" content=\"image\/jpeg\" \/>\n<meta name=\"author\" content=\"Felicia\" \/>\n<meta name=\"twitter:card\" content=\"summary_large_image\" \/>\n<meta name=\"twitter:creator\" content=\"@comfortworks\" \/>\n<meta name=\"twitter:site\" content=\"@comfortworks\" \/>\n<meta name=\"twitter:label1\" content=\"Verfasst von\" \/>\n\t<meta name=\"twitter:data1\" content=\"Felicia\" \/>\n\t<meta name=\"twitter:label2\" content=\"Gesch\u00e4tzte Lesezeit\" \/>\n\t<meta name=\"twitter:data2\" content=\"3\u00a0Minuten\" \/>\n<script type=\"application\/ld+json\" class=\"yoast-schema-graph\">{\"@context\":\"https:\/\/schema.org\",\"@graph\":[{\"@type\":\"Article\",\"@id\":\"https:\/\/blog.comfort-works.com\/de\/das-backamo-schlafsofa-endlich-reviewed\/#article\",\"isPartOf\":{\"@id\":\"https:\/\/blog.comfort-works.com\/de\/das-backamo-schlafsofa-endlich-reviewed\/\"},\"author\":{\"name\":\"Felicia\",\"@id\":\"https:\/\/blog.comfort-works.com\/#\/schema\/person\/33cf8f6abbf554f372d321b44042995e\"},\"headline\":\"Das Backamo-Schlafsofa \u2013 endlich Reviewed\",\"datePublished\":\"2019-12-18T23:22:18+00:00\",\"dateModified\":\"2024-01-30T03:04:19+00:00\",\"mainEntityOfPage\":{\"@id\":\"https:\/\/blog.comfort-works.com\/de\/das-backamo-schlafsofa-endlich-reviewed\/\"},\"wordCount\":450,\"commentCount\":0,\"publisher\":{\"@id\":\"https:\/\/blog.comfort-works.com\/#organization\"},\"image\":{\"@id\":\"https:\/\/blog.comfort-works.com\/de\/das-backamo-schlafsofa-endlich-reviewed\/#primaryimage\"},\"thumbnailUrl\":\"https:\/\/blog.comfort-works.com\/wp-content\/uploads\/2016\/12\/IMG_0254-scaled.jpg\",\"keywords\":[\"Bettsofas\",\"ikea\",\"sofa beds\"],\"inLanguage\":\"de\",\"potentialAction\":[{\"@type\":\"CommentAction\",\"name\":\"Comment\",\"target\":[\"https:\/\/blog.comfort-works.com\/de\/das-backamo-schlafsofa-endlich-reviewed\/#respond\"]}]},{\"@type\":\"WebPage\",\"@id\":\"https:\/\/blog.comfort-works.com\/de\/das-backamo-schlafsofa-endlich-reviewed\/\",\"url\":\"https:\/\/blog.comfort-works.com\/de\/das-backamo-schlafsofa-endlich-reviewed\/\",\"name\":\"Das Backamo-Schlafsofa \u2013 endlich Reviewed\",\"isPartOf\":{\"@id\":\"https:\/\/blog.comfort-works.com\/#website\"},\"primaryImageOfPage\":{\"@id\":\"https:\/\/blog.comfort-works.com\/de\/das-backamo-schlafsofa-endlich-reviewed\/#primaryimage\"},\"image\":{\"@id\":\"https:\/\/blog.comfort-works.com\/de\/das-backamo-schlafsofa-endlich-reviewed\/#primaryimage\"},\"thumbnailUrl\":\"https:\/\/blog.comfort-works.com\/wp-content\/uploads\/2016\/12\/IMG_0254-scaled.jpg\",\"datePublished\":\"2019-12-18T23:22:18+00:00\",\"dateModified\":\"2024-01-30T03:04:19+00:00\",\"description\":\"Es war einmal ein Bettsofa namens Backamo, das bei IKEA erh\u00e4ltlich war. Irgendwann nach 2000 und vor 2010 wurde es zum Leidwesen vieler eingestellt.\",\"inLanguage\":\"de\",\"potentialAction\":[{\"@type\":\"ReadAction\",\"target\":[\"https:\/\/blog.comfort-works.com\/de\/das-backamo-schlafsofa-endlich-reviewed\/\"]}]},{\"@type\":\"ImageObject\",\"inLanguage\":\"de\",\"@id\":\"https:\/\/blog.comfort-works.com\/de\/das-backamo-schlafsofa-endlich-reviewed\/#primaryimage\",\"url\":\"https:\/\/blog.comfort-works.com\/wp-content\/uploads\/2016\/12\/IMG_0254-scaled.jpg\",\"contentUrl\":\"https:\/\/blog.comfort-works.com\/wp-content\/uploads\/2016\/12\/IMG_0254-scaled.jpg\",\"width\":4032,\"height\":3024},{\"@type\":\"WebSite\",\"@id\":\"https:\/\/blog.comfort-works.com\/#website\",\"url\":\"https:\/\/blog.comfort-works.com\/\",\"name\":\"Finding Comfort\",\"description\":\"Alles \u00fcber sch\u00f6ner Wohnen und Leben\",\"publisher\":{\"@id\":\"https:\/\/blog.comfort-works.com\/#organization\"},\"potentialAction\":[{\"@type\":\"SearchAction\",\"target\":{\"@type\":\"EntryPoint\",\"urlTemplate\":\"https:\/\/blog.comfort-works.com\/?s={search_term_string}\"},\"query-input\":{\"@type\":\"PropertyValueSpecification\",\"valueRequired\":true,\"valueName\":\"search_term_string\"}}],\"inLanguage\":\"de\"},{\"@type\":\"Organization\",\"@id\":\"https:\/\/blog.comfort-works.com\/#organization\",\"name\":\"Comfort Works\",\"url\":\"https:\/\/blog.comfort-works.com\/\",\"logo\":{\"@type\":\"ImageObject\",\"inLanguage\":\"de\",\"@id\":\"https:\/\/blog.comfort-works.com\/#\/schema\/logo\/image\/\",\"url\":\"https:\/\/blog.comfort-works.com\/wp-content\/uploads\/2025\/06\/Frame-31.png\",\"contentUrl\":\"https:\/\/blog.comfort-works.com\/wp-content\/uploads\/2025\/06\/Frame-31.png\",\"width\":1200,\"height\":675,\"caption\":\"Comfort Works\"},\"image\":{\"@id\":\"https:\/\/blog.comfort-works.com\/#\/schema\/logo\/image\/\"},\"sameAs\":[\"https:\/\/www.facebook.com\/comfortworkscovers\",\"https:\/\/x.com\/comfortworks\",\"https:\/\/www.instagram.com\/comfortworks\/\",\"https:\/\/www.pinterest.com\/comfortworks\/\",\"https:\/\/www.youtube.com\/channel\/UCiY0z-GqZUzfeBwrAhT2kAg\"]},{\"@type\":\"Person\",\"@id\":\"https:\/\/blog.comfort-works.com\/#\/schema\/person\/33cf8f6abbf554f372d321b44042995e\",\"name\":\"Felicia\",\"image\":{\"@type\":\"ImageObject\",\"inLanguage\":\"de\",\"@id\":\"https:\/\/blog.comfort-works.com\/#\/schema\/person\/image\/\",\"url\":\"https:\/\/secure.gravatar.com\/avatar\/331b803d68935a8caafb5860bc5cd07a58eedd40956eac53c0e2ba496fb321aa?s=96&d=mm&r=g\",\"contentUrl\":\"https:\/\/secure.gravatar.com\/avatar\/331b803d68935a8caafb5860bc5cd07a58eedd40956eac53c0e2ba496fb321aa?s=96&d=mm&r=g\",\"caption\":\"Felicia\"},\"description\":\"Felicia is a marketer and product thinker who brought a keen eye for style and substance to CW\u2019s content. Her reviews helped readers discover pieces that blend everyday comfort with enduring charm.\",\"sameAs\":[\"https:\/\/www.linkedin.com\/in\/felicialeejb\/\"],\"url\":\"https:\/\/blog.comfort-works.com\/de\/author\/felicia\/\"}]}<\/script>\n<!-- \/ Yoast SEO Premium plugin. -->","yoast_head_json":{"title":"Das Backamo-Schlafsofa \u2013 endlich Reviewed","description":"Es war einmal ein Bettsofa namens Backamo, das bei IKEA erh\u00e4ltlich war. Irgendwann nach 2000 und vor 2010 wurde es zum Leidwesen vieler eingestellt.","robots":{"index":"index","follow":"follow","max-snippet":"max-snippet:-1","max-image-preview":"max-image-preview:large","max-video-preview":"max-video-preview:-1"},"canonical":"https:\/\/blog.comfort-works.com\/de\/das-backamo-schlafsofa-endlich-reviewed\/","og_locale":"de_DE","og_type":"article","og_title":"Das Backamo-Schlafsofa \u2013 endlich Reviewed","og_description":"Es war einmal ein Bettsofa namens Backamo, das bei IKEA erh\u00e4ltlich war. Irgendwann nach 2000 und vor 2010 wurde es zum Leidwesen vieler eingestellt.","og_url":"https:\/\/blog.comfort-works.com\/de\/das-backamo-schlafsofa-endlich-reviewed\/","og_site_name":"Comfort Works Blog &amp; Design Inspirationen","article_publisher":"https:\/\/www.facebook.com\/comfortworkscovers","article_published_time":"2019-12-18T23:22:18+00:00","article_modified_time":"2024-01-30T03:04:19+00:00","og_image":[{"width":4032,"height":3024,"url":"https:\/\/blog-v3.comfort-works.com\/wp-content\/uploads\/2016\/12\/IMG_0254-scaled.jpg","type":"image\/jpeg"}],"author":"Felicia","twitter_card":"summary_large_image","twitter_creator":"@comfortworks","twitter_site":"@comfortworks","twitter_misc":{"Verfasst von":"Felicia","Gesch\u00e4tzte Lesezeit":"3\u00a0Minuten"},"schema":{"@context":"https:\/\/schema.org","@graph":[{"@type":"Article","@id":"https:\/\/blog.comfort-works.com\/de\/das-backamo-schlafsofa-endlich-reviewed\/#article","isPartOf":{"@id":"https:\/\/blog.comfort-works.com\/de\/das-backamo-schlafsofa-endlich-reviewed\/"},"author":{"name":"Felicia","@id":"https:\/\/blog.comfort-works.com\/#\/schema\/person\/33cf8f6abbf554f372d321b44042995e"},"headline":"Das Backamo-Schlafsofa \u2013 endlich Reviewed","datePublished":"2019-12-18T23:22:18+00:00","dateModified":"2024-01-30T03:04:19+00:00","mainEntityOfPage":{"@id":"https:\/\/blog.comfort-works.com\/de\/das-backamo-schlafsofa-endlich-reviewed\/"},"wordCount":450,"commentCount":0,"publisher":{"@id":"https:\/\/blog.comfort-works.com\/#organization"},"image":{"@id":"https:\/\/blog.comfort-works.com\/de\/das-backamo-schlafsofa-endlich-reviewed\/#primaryimage"},"thumbnailUrl":"https:\/\/blog.comfort-works.com\/wp-content\/uploads\/2016\/12\/IMG_0254-scaled.jpg","keywords":["Bettsofas","ikea","sofa beds"],"inLanguage":"de","potentialAction":[{"@type":"CommentAction","name":"Comment","target":["https:\/\/blog.comfort-works.com\/de\/das-backamo-schlafsofa-endlich-reviewed\/#respond"]}]},{"@type":"WebPage","@id":"https:\/\/blog.comfort-works.com\/de\/das-backamo-schlafsofa-endlich-reviewed\/","url":"https:\/\/blog.comfort-works.com\/de\/das-backamo-schlafsofa-endlich-reviewed\/","name":"Das Backamo-Schlafsofa \u2013 endlich Reviewed","isPartOf":{"@id":"https:\/\/blog.comfort-works.com\/#website"},"primaryImageOfPage":{"@id":"https:\/\/blog.comfort-works.com\/de\/das-backamo-schlafsofa-endlich-reviewed\/#primaryimage"},"image":{"@id":"https:\/\/blog.comfort-works.com\/de\/das-backamo-schlafsofa-endlich-reviewed\/#primaryimage"},"thumbnailUrl":"https:\/\/blog.comfort-works.com\/wp-content\/uploads\/2016\/12\/IMG_0254-scaled.jpg","datePublished":"2019-12-18T23:22:18+00:00","dateModified":"2024-01-30T03:04:19+00:00","description":"Es war einmal ein Bettsofa namens Backamo, das bei IKEA erh\u00e4ltlich war. Irgendwann nach 2000 und vor 2010 wurde es zum Leidwesen vieler eingestellt.","inLanguage":"de","potentialAction":[{"@type":"ReadAction","target":["https:\/\/blog.comfort-works.com\/de\/das-backamo-schlafsofa-endlich-reviewed\/"]}]},{"@type":"ImageObject","inLanguage":"de","@id":"https:\/\/blog.comfort-works.com\/de\/das-backamo-schlafsofa-endlich-reviewed\/#primaryimage","url":"https:\/\/blog.comfort-works.com\/wp-content\/uploads\/2016\/12\/IMG_0254-scaled.jpg","contentUrl":"https:\/\/blog.comfort-works.com\/wp-content\/uploads\/2016\/12\/IMG_0254-scaled.jpg","width":4032,"height":3024},{"@type":"WebSite","@id":"https:\/\/blog.comfort-works.com\/#website","url":"https:\/\/blog.comfort-works.com\/","name":"Finding Comfort","description":"Alles \u00fcber sch\u00f6ner Wohnen und Leben","publisher":{"@id":"https:\/\/blog.comfort-works.com\/#organization"},"potentialAction":[{"@type":"SearchAction","target":{"@type":"EntryPoint","urlTemplate":"https:\/\/blog.comfort-works.com\/?s={search_term_string}"},"query-input":{"@type":"PropertyValueSpecification","valueRequired":true,"valueName":"search_term_string"}}],"inLanguage":"de"},{"@type":"Organization","@id":"https:\/\/blog.comfort-works.com\/#organization","name":"Comfort Works","url":"https:\/\/blog.comfort-works.com\/","logo":{"@type":"ImageObject","inLanguage":"de","@id":"https:\/\/blog.comfort-works.com\/#\/schema\/logo\/image\/","url":"https:\/\/blog.comfort-works.com\/wp-content\/uploads\/2025\/06\/Frame-31.png","contentUrl":"https:\/\/blog.comfort-works.com\/wp-content\/uploads\/2025\/06\/Frame-31.png","width":1200,"height":675,"caption":"Comfort Works"},"image":{"@id":"https:\/\/blog.comfort-works.com\/#\/schema\/logo\/image\/"},"sameAs":["https:\/\/www.facebook.com\/comfortworkscovers","https:\/\/x.com\/comfortworks","https:\/\/www.instagram.com\/comfortworks\/","https:\/\/www.pinterest.com\/comfortworks\/","https:\/\/www.youtube.com\/channel\/UCiY0z-GqZUzfeBwrAhT2kAg"]},{"@type":"Person","@id":"https:\/\/blog.comfort-works.com\/#\/schema\/person\/33cf8f6abbf554f372d321b44042995e","name":"Felicia","image":{"@type":"ImageObject","inLanguage":"de","@id":"https:\/\/blog.comfort-works.com\/#\/schema\/person\/image\/","url":"https:\/\/secure.gravatar.com\/avatar\/331b803d68935a8caafb5860bc5cd07a58eedd40956eac53c0e2ba496fb321aa?s=96&d=mm&r=g","contentUrl":"https:\/\/secure.gravatar.com\/avatar\/331b803d68935a8caafb5860bc5cd07a58eedd40956eac53c0e2ba496fb321aa?s=96&d=mm&r=g","caption":"Felicia"},"description":"Felicia is a marketer and product thinker who brought a keen eye for style and substance to CW\u2019s content. Her reviews helped readers discover pieces that blend everyday comfort with enduring charm.","sameAs":["https:\/\/www.linkedin.com\/in\/felicialeejb\/"],"url":"https:\/\/blog.comfort-works.com\/de\/author\/felicia\/"}]}},"_links":{"self":[{"href":"https:\/\/blog.comfort-works.com\/de\/wp-json\/wp\/v2\/posts\/61069","targetHints":{"allow":["GET"]}}],"collection":[{"href":"https:\/\/blog.comfort-works.com\/de\/wp-json\/wp\/v2\/posts"}],"about":[{"href":"https:\/\/blog.comfort-works.com\/de\/wp-json\/wp\/v2\/types\/post"}],"author":[{"embeddable":true,"href":"https:\/\/blog.comfort-works.com\/de\/wp-json\/wp\/v2\/users\/1001011"}],"replies":[{"embeddable":true,"href":"https:\/\/blog.comfort-works.com\/de\/wp-json\/wp\/v2\/comments?post=61069"}],"version-history":[{"count":6,"href":"https:\/\/blog.comfort-works.com\/de\/wp-json\/wp\/v2\/posts\/61069\/revisions"}],"predecessor-version":[{"id":113640,"href":"https:\/\/blog.comfort-works.com\/de\/wp-json\/wp\/v2\/posts\/61069\/revisions\/113640"}],"wp:featuredmedia":[{"embeddable":true,"href":"https:\/\/blog.comfort-works.com\/de\/wp-json\/wp\/v2\/media\/20242"}],"wp:attachment":[{"href":"https:\/\/blog.comfort-works.com\/de\/wp-json\/wp\/v2\/media?parent=61069"}],"wp:term":[{"taxonomy":"category","embeddable":true,"href":"https:\/\/blog.comfort-works.com\/de\/wp-json\/wp\/v2\/categories?post=61069"},{"taxonomy":"post_tag","embeddable":true,"href":"https:\/\/blog.comfort-works.com\/de\/wp-json\/wp\/v2\/tags?post=61069"}],"curies":[{"name":"wp","href":"https:\/\/api.w.org\/{rel}","templated":true}]}}