{"id":70072,"date":"2021-03-05T19:05:07","date_gmt":"2021-03-05T11:05:07","guid":{"rendered":"https:\/\/blog.comfort-works.com\/die-interior-trendfarben-2021-so-integrierst-du-gelb-und-grau-in-deine-einrichtung\/"},"modified":"2025-04-29T10:47:36","modified_gmt":"2025-04-29T02:47:36","slug":"die-interior-trendfarben-2021-so-integrierst-du-gelb-und-grau-in-deine-einrichtung","status":"publish","type":"post","link":"https:\/\/blog.comfort-works.com\/de\/die-interior-trendfarben-2021-so-integrierst-du-gelb-und-grau-in-deine-einrichtung\/","title":{"rendered":"Die Interior Trendfarben 2021 &#8211; so integrierst du Gelb und Grau in deine Einrichtung"},"content":{"rendered":"\n<p>Binde jetzt die Trendfarben Gelb und Grau in dein Interior Design ein!<\/p>\n<p>Die Interior Trendfarben &#8222;Ultimate Gray&#8220;, ein solides Grau, und &#8222;Illuminating&#8220;, ein strahlendes Gelb, wurden bereits im Dezember 2020 <a href=\"https:\/\/www.pantone.com\/eu\/de\/color-of-the-year-2021\" target=\"_blank\" rel=\"noopener noreferrer\">vom Pantone Color Institute, mit Hauptstandort in New Jersey, USA, vorgestellt<\/a>.<\/p>\n\n\n\n<h2>Was bedeutet &#8222;Pantone Trendfarbe des Jahres&#8220;?<\/h2>\n\n\n\n<p>Pantone, ein weltber\u00fchmter Hersteller eines internationalen Farbstandard Systems, \u00fcberblickt alle Bereiche weltweit, in denen Farben eine besondere Rolle spielen, wie zum Beispiel Entertainment, Filme, Mode, Lifestyle und Interior.<\/p>\n<p>Jedes Jahr w\u00e4hlt Pantone die Trendfarben des Folgejahres und gibt diese bekannt.<\/p>\n<p>Dabei werden zur Vorhersage des Trends viele Faktoren wie der historische Hintergrund des Jahres sowie Sport, Medien uvm. mit einbezogen.<\/p>\n<p>Lass uns einen Blick auf die neuen Trendfarben diesen Jahres werfen!<\/p>\n\n\n<div class=\"wp-block-image\">\n<figure class=\"aligncenter size-large is-resized\"><img decoding=\"async\" src=\"https:\/\/blog.comfort-works.com\/wp-content\/uploads\/2021\/01\/\u30b9\u30af\u30ea\u30fc\u30f3\u30b7\u30e7\u30c3\u30c8-2021-01-14-22.13.53-1024x573.png\" alt=\"Die Trendfarben des Jahres sind Grau und Gelb, sie stehen f\u00fcr St\u00e4rke und Zuversicht. Mit diesen Farben lassen sich wunderbar lebendige und positive Wohnr\u00e4ume kreieren!\" class=\"wp-image-68912\" width=\"600\" srcset=\"https:\/\/blog.comfort-works.com\/wp-content\/uploads\/2021\/01\/\u30b9\u30af\u30ea\u30fc\u30f3\u30b7\u30e7\u30c3\u30c8-2021-01-14-22.13.53-1024x573.png 1024w, https:\/\/blog.comfort-works.com\/wp-content\/uploads\/2021\/01\/\u30b9\u30af\u30ea\u30fc\u30f3\u30b7\u30e7\u30c3\u30c8-2021-01-14-22.13.53-950x532.png 950w, https:\/\/blog.comfort-works.com\/wp-content\/uploads\/2021\/01\/\u30b9\u30af\u30ea\u30fc\u30f3\u30b7\u30e7\u30c3\u30c8-2021-01-14-22.13.53-768x430.png 768w, https:\/\/blog.comfort-works.com\/wp-content\/uploads\/2021\/01\/\u30b9\u30af\u30ea\u30fc\u30f3\u30b7\u30e7\u30c3\u30c8-2021-01-14-22.13.53.png 1090w\" sizes=\"(max-width: 1024px) 100vw, 1024px\" \/><figcaption>Bildquelle: <a href=\"https:\/\/www.pantone.com\/eu\/de\/color-of-the-year-2021\" target=\"_blank\" rel=\"noopener noreferrer\">Pantone<\/a><\/figcaption><\/figure>\n<\/div>\n\n\n\n\n<p>Ultimate Gray steht f\u00fcr St\u00e4rke, Geduld, Stabilit\u00e4t und Ruhe und symbolisiert damit eine stabile Grundlage, ein starkes und verl\u00e4ssliches Element.<\/p>\n<p>Illuminating dagegen ist eine Farbe die eine lebendige, fr\u00f6hlich strahlende W\u00e4rme mit sich bringt, sie verk\u00f6rpert Zuversicht und Hoffnung. <a href=\"https:\/\/www.pantone.com\/eu\/de\/color-of-the-year-2021\" target=\"_blank\" rel=\"noopener noreferrer\">Pantone beschreibt die Kombination<\/a> dieses Gelb- und Grautones als &#8222;eine positive Botschaft der inneren Kraft&#8220;.<\/p>\n<p>Sieh hier einige Ideen, wie sich beide Farben in dein Zuhause integrieren lassen!<\/p>\n\n\n\n<h2>Beruhigendes Grau auf deinem Sofa<\/h2>\n\n\n<div class=\"wp-block-image\">\n<figure class=\"aligncenter size-large is-resized\"><a href=\"https:\/\/comfort-works.com\/ja\/content\/kino-fabric-collection-ja-421\/\" target=\"_blank\" rel=\"noreferrer noopener\"><img decoding=\"async\" src=\"https:\/\/blog.comfort-works.com\/wp-content\/uploads\/2021\/01\/Couch_Comfortworks-1024x741.jpg\" alt=\"Interior Kombination Sofa in Grau als Akzent\" class=\"wp-image-68918\" width=\"600\" srcset=\"https:\/\/blog.comfort-works.com\/wp-content\/uploads\/2021\/01\/Couch_Comfortworks-1024x741.jpg 1024w, https:\/\/blog.comfort-works.com\/wp-content\/uploads\/2021\/01\/Couch_Comfortworks-950x687.jpg 950w, https:\/\/blog.comfort-works.com\/wp-content\/uploads\/2021\/01\/Couch_Comfortworks-768x556.jpg 768w, https:\/\/blog.comfort-works.com\/wp-content\/uploads\/2021\/01\/Couch_Comfortworks-1536x1111.jpg 1536w, https:\/\/blog.comfort-works.com\/wp-content\/uploads\/2021\/01\/Couch_Comfortworks-2048x1482.jpg 2048w\" sizes=\"(max-width: 1024px) 100vw, 1024px\" \/><\/a><figcaption>IKEA Kramfors Sofa Kombination mit <a href=\"https:\/\/comfort-works.com\/de-de\/kramfors-sofabezug-sofahussen-35\/\" target=\"_blank\" rel=\"noopener noreferrer\">Comfort Works Kino Ash Bez\u00fcgen<\/a><\/figcaption><\/figure>\n<\/div>\n\n\n<p>Wenn du zwei Farben in deine Einrichtung integrieren m\u00f6chtest, ist es immer eine gute Idee, eine Hauptfarbe und eine Akzentfarbe auszusuchen.<\/p>\n<p>Unser beliebter Comfort Works Kino Ash Stoff kommt der Ultimate Gray Farbe super nah!<\/p>\n<p>Das Sofa ist das Hauptm\u00f6belst\u00fcck des Wohnzimmers, darauf hat das Grau eine starke Pr\u00e4senz und stellt eine beruhigende Stimmung her.<\/p>\n<p>Durch graue Wohnaccessoires wie Poster, Lampen und Kissen kann sich das Grau im Raum wiederholen, auch in verschiedenen Schattierungen.<\/p>\n<p>Kino Ash ist vielseitig verwendbar und passt sich so gut wie jedem Einrichtungsstil an.<\/p>\n<p>Besonders zum Skandinavischen Look passt das unaufgeregte Grau perfekt.<\/p>\n<p>Kino ist au\u00dferdem widerstandsf\u00e4hig und maschinenwaschbar, und eignet sich daher perfekt f\u00fcr Familien mit Kindern und Haustieren. &nbsp;<\/p>\n\n\n\n<h2>Strahlendes Gelb f\u00fcr ein sonniges Raumgef\u00fchl<\/h2>\n\n\n<div class=\"wp-block-image\">\n<figure class=\"aligncenter size-large is-resized\"><a href=\"https:\/\/comfort-works.com\/ja\/content\/perfomance-blend-sofa-cover-427\/\" target=\"_blank\" rel=\"noreferrer noopener\"><img decoding=\"async\" src=\"https:\/\/blog.comfort-works.com\/wp-content\/uploads\/2021\/01\/DSC06777-1024x656.jpg\" alt=\"Ein gelbes Sofa mit grauem Teppich sorgt f\u00fcr einen strahlenden ersten Eindruck\" class=\"wp-image-68924\" width=\"600\" srcset=\"https:\/\/blog.comfort-works.com\/wp-content\/uploads\/2021\/01\/DSC06777-1024x656.jpg 1024w, https:\/\/blog.comfort-works.com\/wp-content\/uploads\/2021\/01\/DSC06777-950x609.jpg 950w, https:\/\/blog.comfort-works.com\/wp-content\/uploads\/2021\/01\/DSC06777-768x492.jpg 768w, https:\/\/blog.comfort-works.com\/wp-content\/uploads\/2021\/01\/DSC06777-1536x984.jpg 1536w, https:\/\/blog.comfort-works.com\/wp-content\/uploads\/2021\/01\/DSC06777-2048x1312.jpg 2048w\" sizes=\"(max-width: 1024px) 100vw, 1024px\" \/><\/a><figcaption>Muji 2.5 Sitzer Sofa mit Performance Blend Gold Bezug<\/figcaption><\/figure>\n<\/div>\n\n\n<p>Ein sonniges Gelb sticht sofort ins Auge und hebt die Stimmung.<\/p>\n<p>Da wir momentan die meiste Zeit zu Hause verbringen und die Stimmung schon einmal ganz nach unten in Richtung Depression sinken kann &#8211; versuche doch einmal, dein Wohnzimmer mit einem wundersch\u00f6nen, goldgelben Sofabezug aufzufrischen!<\/p>\n<p>Mit einem Bezug aus unserem Performance Blend Gold Stoff als Mittelpunkt deines Interior Designs hellst du die Ausstrahlung deines Zimmers im Handumdrehen auf.<\/p>\n<p>In Kombination mit Schwarz oder Dunkelgrau l\u00e4sst du den Raum mysteri\u00f6s anmuten, w\u00e4hrend er in Kombination mit Wei\u00df und Hellgrau freundlich und einladend wirkt.<\/p>\n<p>Der <a href=\"https:\/\/comfort-works.com\/de-de\/content\/perfomance-blend-sofa-cover-427\/\" target=\"_blank\" rel=\"noopener noreferrer\">Comfort Works Performance Blend Gold Stoff<\/a> ist nanobeschichtet und wirkt daher fl\u00fcssigkeitsabweisend, falls also mal ein Missgeschick mit Wein, Kakao oder Cola auf dem Sofa passiert, l\u00e4sst es sich ganz einfach abwischen!<\/p>\n\n\n\n<h2>\u00c4ndere den Look deines Sofas mit neuen Kissenh\u00fcllen<\/h2>\n\n\n<div class=\"wp-block-image\">\n<figure class=\"aligncenter size-large is-resized\"><img decoding=\"async\" src=\"https:\/\/blog.comfort-works.com\/wp-content\/uploads\/2021\/01\/pexels-terje-sollie-298842-1024x682.jpg\" alt=\"Sofakissen in den Interior Trendfarben Gelb und Grau\" class=\"wp-image-68937\" width=\"600\" srcset=\"https:\/\/blog.comfort-works.com\/wp-content\/uploads\/2021\/01\/pexels-terje-sollie-298842-1024x682.jpg 1024w, https:\/\/blog.comfort-works.com\/wp-content\/uploads\/2021\/01\/pexels-terje-sollie-298842-950x633.jpg 950w, https:\/\/blog.comfort-works.com\/wp-content\/uploads\/2021\/01\/pexels-terje-sollie-298842-768x512.jpg 768w, https:\/\/blog.comfort-works.com\/wp-content\/uploads\/2021\/01\/pexels-terje-sollie-298842-1536x1024.jpg 1536w, https:\/\/blog.comfort-works.com\/wp-content\/uploads\/2021\/01\/pexels-terje-sollie-298842.jpg 2000w\" sizes=\"(max-width: 1024px) 100vw, 1024px\" \/><\/figure>\n<\/div>\n\n\n<p>Ist ein neuer Sofabezug eine zu gro\u00dfe Ver\u00e4nderung f\u00fcr dich?<\/p>\n<p>Dann fang doch einfach etwas kleiner an &#8211; mit neuen Kissenbez\u00fcgen f\u00fcr deine Wurfkissen.<\/p>\n<p>Wir bei Comfort Works fertigen nicht nur Sofabez\u00fcge, sondern auch <a href=\"https:\/\/comfort-works.com\/de-de\/custom-cushion-covers-457\/\" target=\"_blank\" rel=\"noopener noreferrer\">individuelle Kissenbez\u00fcge nach Ma\u00df<\/a> an!<\/p>\n<p>Falls du es noch etwas schwierig findest, Grau und Gelb zu kombinieren, k\u00f6nnen kleine Farbtupfer in Form von Kissenh\u00fcllen die perfekte L\u00f6sung sein.<\/p>\n<p>Du kannst dich so erst einmal mit der Farbe anfreunden, bevor du dich f\u00fcr einen neuen Sofabezug entscheidest.<\/p>\n\n\n\n<h2>Passt toll zu Grau: das Trendmaterial veganes Leder<\/h2>\n\n\n<div class=\"wp-block-image\">\n<figure class=\"aligncenter size-large is-resized\"><a href=\"https:\/\/comfort-works.com\/ja\/content\/leather-sofa-cover-201\/\" target=\"_blank\" rel=\"noreferrer noopener\"><img decoding=\"async\" src=\"https:\/\/blog.comfort-works.com\/wp-content\/uploads\/2021\/01\/IMG_5193-1024x708.jpg\" alt=\"Veganes Leder ist ein Must Have Material in 2021, das karamellfarbene Material erzeugt W\u00e4rme und einen Hauch von Luxus\" class=\"wp-image-68943\" width=\"600\" srcset=\"https:\/\/blog.comfort-works.com\/wp-content\/uploads\/2021\/01\/IMG_5193-1024x708.jpg 1024w, https:\/\/blog.comfort-works.com\/wp-content\/uploads\/2021\/01\/IMG_5193-950x657.jpg 950w, https:\/\/blog.comfort-works.com\/wp-content\/uploads\/2021\/01\/IMG_5193-768x531.jpg 768w, https:\/\/blog.comfort-works.com\/wp-content\/uploads\/2021\/01\/IMG_5193-1536x1062.jpg 1536w, https:\/\/blog.comfort-works.com\/wp-content\/uploads\/2021\/01\/IMG_5193-2048x1416.jpg 2048w\" sizes=\"(max-width: 1024px) 100vw, 1024px\" \/><\/a><figcaption>IKEA Karlstad Sofa in Savannah Saddle<\/figcaption><\/figure>\n<\/div>\n\n\n<p>Neben den Trendfarben des Jahres werfen wir ebenfalls einen Blick auf das Trendmaterial in 2021 und <a href=\"https:\/\/www.instagram.com\/p\/CJGrO3JL8vs\/?utm_source=ig_web_copy_link\" target=\"_blank\" rel=\"noopener noreferrer\">Apartment Therapy<\/a> nennt veganes Leder als einen wichtigen Interior Trend in 2021!<\/p>\n<p>Wir bei Comfort Works haben diesen Trend bereits fr\u00fchzeitig erkannt und bieten das vegane Leder Savannah Saddle an.<\/p>\n<p>Das Material ist sehr beliebt, da es sich genauso luxuri\u00f6s anf\u00fchlt wie echtes Leder, einen angenehm warmen Farbton hat und super pflegeleicht ist &#8211; einfach mit einem feuchten Tuch abwischen.<\/p>\n<p>Ein Ledersofa kommt nie aus der Mode, und mit den Savannah Saddle Bez\u00fcgen von Comfort Works kannst du sogar dein altes Stoffsofa in ein hochwertiges Ledersofa verwandeln.<\/p>\n\n\n\n<h2>So kannst du loslegen<\/h2>\n\n\n<div class=\"wp-block-image\">\n<figure class=\"aligncenter size-large is-resized\"><a href=\"https:\/\/comfort-works.com\/ja\/\u751f\u5730\u30b5\u30f3\u30d7\u30eb\/fabric-samples-24\/\" target=\"_blank\" rel=\"noreferrer noopener\"><img loading=\"lazy\" decoding=\"async\" src=\"https:\/\/blog.comfort-works.com\/wp-content\/uploads\/2020\/10\/fabric-samples.jpg\" alt=\"Comfort Works bietet eine gro\u00dfe Auswahl an Sofastoffen. Bestelle Stoffproben und suche den Stoff aus, der am besten zu dir und deinem Zuhause passt.\" class=\"wp-image-67301\" width=\"600\" height=\"276\"\/><\/a><\/figure>\n<\/div>\n\n\n<p>Wie gefallen dir die Trendfarben 2021, Grau und Gelb?<\/p>\n<p>Kannst du dir vorstellen, sie in dein Interior Design zu integrieren?<\/p>\n<p>Halte doch einmal im Alltag Ausschau nach den beiden Farben, wenn Pantone recht beh\u00e4lt, sollten sich diese Trendfarben in diesem Jahr in vielen Lebensbereichen wiederfinden.<\/p>\n<p>Wenn du bereit bist f\u00fcr eine trendige Ver\u00e4nderung, fange am besten mit Stoffproben an. Schaue dir die Stoffe und Farben ganz in Ruhe zu Hause an und suche dir deine perfekten Grau- und Gelbt\u00f6ne aus.<\/p>\n\n\n\n<div class=\"wp-block-button aligncenter\"><a class=\"wp-block-button__link has-very-light-gray-color has-text-color has-background\" href=\"https:\/\/comfort-works.com\/de-de\/stoffproben\/stoffproben-24\/?NC-00\" style=\"background-color:#ee6360\">Jetzt Stoffproben bestellen<\/a><\/div>\n","protected":false},"excerpt":{"rendered":"","protected":false},"author":1001046,"featured_media":68909,"comment_status":"open","ping_status":"closed","sticky":false,"template":"","format":"standard","meta":{"_acf_changed":false,"footnotes":""},"categories":[1813,1815],"tags":[],"class_list":["post-70072","post","type-post","status-publish","format-standard","has-post-thumbnail","hentry","category-home-interiors","category-home-inspiration-trends"],"acf":[],"yoast_head":"<!-- This site is optimized with the Yoast SEO Premium plugin v25.1 (Yoast SEO v25.1) - https:\/\/yoast.com\/wordpress\/plugins\/seo\/ -->\n<title>Die Interior Trendfarben 2021 - so integrierst du Gelb und Grau in deine Einrichtung &#8212; Comfort Works Blog &amp; Design Inspirationen<\/title>\n<meta name=\"description\" content=\"Gelb und Grau sind die offiziellen Pantone Trendfarben 2021. Hier findest du einige Tipps, wie du sie in deinem Interior verwirklichen kannst.\" \/>\n<meta name=\"robots\" content=\"index, follow, max-snippet:-1, max-image-preview:large, max-video-preview:-1\" \/>\n<link rel=\"canonical\" href=\"https:\/\/blog.comfort-works.com\/de\/die-interior-trendfarben-2021-so-integrierst-du-gelb-und-grau-in-deine-einrichtung\/\" \/>\n<meta property=\"og:locale\" content=\"de_DE\" \/>\n<meta property=\"og:type\" content=\"article\" \/>\n<meta property=\"og:title\" content=\"Die Interior Trendfarben 2021 - so integrierst du Gelb und Grau in deine Einrichtung &#8212; Comfort Works Blog &amp; Design Inspirationen\" \/>\n<meta property=\"og:description\" content=\"Gelb und Grau sind die offiziellen Pantone Trendfarben 2021. Hier findest du einige Tipps, wie du sie in deinem Interior verwirklichen kannst.\" \/>\n<meta property=\"og:url\" content=\"https:\/\/blog.comfort-works.com\/de\/die-interior-trendfarben-2021-so-integrierst-du-gelb-und-grau-in-deine-einrichtung\/\" \/>\n<meta property=\"og:site_name\" content=\"Comfort Works Blog &amp; Design Inspirationen\" \/>\n<meta property=\"article:publisher\" content=\"https:\/\/www.facebook.com\/comfortworkscovers\" \/>\n<meta property=\"article:published_time\" content=\"2021-03-05T11:05:07+00:00\" \/>\n<meta property=\"article:modified_time\" content=\"2025-04-29T02:47:36+00:00\" \/>\n<meta property=\"og:image\" content=\"http:\/\/blog-v3.comfort-works.com\/wp-content\/uploads\/2021\/01\/\u30b9\u30af\u30ea\u30fc\u30f3\u30b7\u30e7\u30c3\u30c8-2021-01-14-22.12.54.png\" \/>\n\t<meta property=\"og:image:width\" content=\"1092\" \/>\n\t<meta property=\"og:image:height\" content=\"612\" \/>\n\t<meta property=\"og:image:type\" content=\"image\/png\" \/>\n<meta name=\"author\" content=\"Yasuyo\" \/>\n<meta name=\"twitter:card\" content=\"summary_large_image\" \/>\n<meta name=\"twitter:creator\" content=\"@comfortworks\" \/>\n<meta name=\"twitter:site\" content=\"@comfortworks\" \/>\n<meta name=\"twitter:label1\" content=\"Verfasst von\" \/>\n\t<meta name=\"twitter:data1\" content=\"Yasuyo\" \/>\n\t<meta name=\"twitter:label2\" content=\"Gesch\u00e4tzte Lesezeit\" \/>\n\t<meta name=\"twitter:data2\" content=\"6\u00a0Minuten\" \/>\n<script type=\"application\/ld+json\" class=\"yoast-schema-graph\">{\"@context\":\"https:\/\/schema.org\",\"@graph\":[{\"@type\":\"Article\",\"@id\":\"https:\/\/blog.comfort-works.com\/de\/die-interior-trendfarben-2021-so-integrierst-du-gelb-und-grau-in-deine-einrichtung\/#article\",\"isPartOf\":{\"@id\":\"https:\/\/blog.comfort-works.com\/de\/die-interior-trendfarben-2021-so-integrierst-du-gelb-und-grau-in-deine-einrichtung\/\"},\"author\":{\"name\":\"Yasuyo\",\"@id\":\"https:\/\/blog.comfort-works.com\/#\/schema\/person\/506694dfd82a24a1ecf58d2f2d0311cb\"},\"headline\":\"Die Interior Trendfarben 2021 &#8211; so integrierst du Gelb und Grau in deine Einrichtung\",\"datePublished\":\"2021-03-05T11:05:07+00:00\",\"dateModified\":\"2025-04-29T02:47:36+00:00\",\"mainEntityOfPage\":{\"@id\":\"https:\/\/blog.comfort-works.com\/de\/die-interior-trendfarben-2021-so-integrierst-du-gelb-und-grau-in-deine-einrichtung\/\"},\"wordCount\":802,\"commentCount\":0,\"publisher\":{\"@id\":\"https:\/\/blog.comfort-works.com\/#organization\"},\"image\":{\"@id\":\"https:\/\/blog.comfort-works.com\/de\/die-interior-trendfarben-2021-so-integrierst-du-gelb-und-grau-in-deine-einrichtung\/#primaryimage\"},\"thumbnailUrl\":\"https:\/\/blog.comfort-works.com\/wp-content\/uploads\/2021\/01\/\u30b9\u30af\u30ea\u30fc\u30f3\u30b7\u30e7\u30c3\u30c8-2021-01-14-22.12.54.png\",\"articleSection\":[\"Home &amp; Interiors\",\"Home Inspiration &amp; Trends\"],\"inLanguage\":\"de\",\"potentialAction\":[{\"@type\":\"CommentAction\",\"name\":\"Comment\",\"target\":[\"https:\/\/blog.comfort-works.com\/de\/die-interior-trendfarben-2021-so-integrierst-du-gelb-und-grau-in-deine-einrichtung\/#respond\"]}]},{\"@type\":\"WebPage\",\"@id\":\"https:\/\/blog.comfort-works.com\/de\/die-interior-trendfarben-2021-so-integrierst-du-gelb-und-grau-in-deine-einrichtung\/\",\"url\":\"https:\/\/blog.comfort-works.com\/de\/die-interior-trendfarben-2021-so-integrierst-du-gelb-und-grau-in-deine-einrichtung\/\",\"name\":\"Die Interior Trendfarben 2021 - so integrierst du Gelb und Grau in deine Einrichtung &#8212; Comfort Works Blog &amp; Design Inspirationen\",\"isPartOf\":{\"@id\":\"https:\/\/blog.comfort-works.com\/#website\"},\"primaryImageOfPage\":{\"@id\":\"https:\/\/blog.comfort-works.com\/de\/die-interior-trendfarben-2021-so-integrierst-du-gelb-und-grau-in-deine-einrichtung\/#primaryimage\"},\"image\":{\"@id\":\"https:\/\/blog.comfort-works.com\/de\/die-interior-trendfarben-2021-so-integrierst-du-gelb-und-grau-in-deine-einrichtung\/#primaryimage\"},\"thumbnailUrl\":\"https:\/\/blog.comfort-works.com\/wp-content\/uploads\/2021\/01\/\u30b9\u30af\u30ea\u30fc\u30f3\u30b7\u30e7\u30c3\u30c8-2021-01-14-22.12.54.png\",\"datePublished\":\"2021-03-05T11:05:07+00:00\",\"dateModified\":\"2025-04-29T02:47:36+00:00\",\"description\":\"Gelb und Grau sind die offiziellen Pantone Trendfarben 2021. Hier findest du einige Tipps, wie du sie in deinem Interior verwirklichen kannst.\",\"inLanguage\":\"de\",\"potentialAction\":[{\"@type\":\"ReadAction\",\"target\":[\"https:\/\/blog.comfort-works.com\/de\/die-interior-trendfarben-2021-so-integrierst-du-gelb-und-grau-in-deine-einrichtung\/\"]}]},{\"@type\":\"ImageObject\",\"inLanguage\":\"de\",\"@id\":\"https:\/\/blog.comfort-works.com\/de\/die-interior-trendfarben-2021-so-integrierst-du-gelb-und-grau-in-deine-einrichtung\/#primaryimage\",\"url\":\"https:\/\/blog.comfort-works.com\/wp-content\/uploads\/2021\/01\/\u30b9\u30af\u30ea\u30fc\u30f3\u30b7\u30e7\u30c3\u30c8-2021-01-14-22.12.54.png\",\"contentUrl\":\"https:\/\/blog.comfort-works.com\/wp-content\/uploads\/2021\/01\/\u30b9\u30af\u30ea\u30fc\u30f3\u30b7\u30e7\u30c3\u30c8-2021-01-14-22.12.54.png\",\"width\":1092,\"height\":612,\"caption\":\"\u4eca\u5e74\u306e\u30c8\u30ec\u30f3\u30c9\u30ab\u30e9\u30fc\u306f\u30b0\u30ec\u30fc\u3068\u30a4\u30a8\u30ed\u30fc\u306e\uff12\u8272\uff01\u30c8\u30ec\u30f3\u30c9\u30ab\u30e9\u30fc\u3092\u53d6\u308a\u5165\u308c\u3066\u660e\u308b\u3044\u7a7a\u9593\u3092\u624b\u306b\u5165\u308c\u308b\u3002\"},{\"@type\":\"WebSite\",\"@id\":\"https:\/\/blog.comfort-works.com\/#website\",\"url\":\"https:\/\/blog.comfort-works.com\/\",\"name\":\"Finding Comfort\",\"description\":\"Alles \u00fcber sch\u00f6ner Wohnen und Leben\",\"publisher\":{\"@id\":\"https:\/\/blog.comfort-works.com\/#organization\"},\"potentialAction\":[{\"@type\":\"SearchAction\",\"target\":{\"@type\":\"EntryPoint\",\"urlTemplate\":\"https:\/\/blog.comfort-works.com\/?s={search_term_string}\"},\"query-input\":{\"@type\":\"PropertyValueSpecification\",\"valueRequired\":true,\"valueName\":\"search_term_string\"}}],\"inLanguage\":\"de\"},{\"@type\":\"Organization\",\"@id\":\"https:\/\/blog.comfort-works.com\/#organization\",\"name\":\"Comfort Works\",\"url\":\"https:\/\/blog.comfort-works.com\/\",\"logo\":{\"@type\":\"ImageObject\",\"inLanguage\":\"de\",\"@id\":\"https:\/\/blog.comfort-works.com\/#\/schema\/logo\/image\/\",\"url\":\"https:\/\/blog.comfort-works.com\/wp-content\/uploads\/2025\/06\/Frame-31.png\",\"contentUrl\":\"https:\/\/blog.comfort-works.com\/wp-content\/uploads\/2025\/06\/Frame-31.png\",\"width\":1200,\"height\":675,\"caption\":\"Comfort Works\"},\"image\":{\"@id\":\"https:\/\/blog.comfort-works.com\/#\/schema\/logo\/image\/\"},\"sameAs\":[\"https:\/\/www.facebook.com\/comfortworkscovers\",\"https:\/\/x.com\/comfortworks\",\"https:\/\/www.instagram.com\/comfortworks\/\",\"https:\/\/www.pinterest.com\/comfortworks\/\",\"https:\/\/www.youtube.com\/channel\/UCiY0z-GqZUzfeBwrAhT2kAg\"]},{\"@type\":\"Person\",\"@id\":\"https:\/\/blog.comfort-works.com\/#\/schema\/person\/506694dfd82a24a1ecf58d2f2d0311cb\",\"name\":\"Yasuyo\",\"image\":{\"@type\":\"ImageObject\",\"inLanguage\":\"de\",\"@id\":\"https:\/\/blog.comfort-works.com\/#\/schema\/person\/image\/\",\"url\":\"https:\/\/secure.gravatar.com\/avatar\/e3b5859ba24fe3ba7c189245883295de1d8dfe53e5b14c1f6da709fc591480ac?s=96&d=mm&r=g\",\"contentUrl\":\"https:\/\/secure.gravatar.com\/avatar\/e3b5859ba24fe3ba7c189245883295de1d8dfe53e5b14c1f6da709fc591480ac?s=96&d=mm&r=g\",\"caption\":\"Yasuyo\"},\"url\":\"https:\/\/blog.comfort-works.com\/de\/author\/yasuyo\/\"}]}<\/script>\n<!-- \/ Yoast SEO Premium plugin. -->","yoast_head_json":{"title":"Die Interior Trendfarben 2021 - so integrierst du Gelb und Grau in deine Einrichtung &#8212; Comfort Works Blog &amp; Design Inspirationen","description":"Gelb und Grau sind die offiziellen Pantone Trendfarben 2021. Hier findest du einige Tipps, wie du sie in deinem Interior verwirklichen kannst.","robots":{"index":"index","follow":"follow","max-snippet":"max-snippet:-1","max-image-preview":"max-image-preview:large","max-video-preview":"max-video-preview:-1"},"canonical":"https:\/\/blog.comfort-works.com\/de\/die-interior-trendfarben-2021-so-integrierst-du-gelb-und-grau-in-deine-einrichtung\/","og_locale":"de_DE","og_type":"article","og_title":"Die Interior Trendfarben 2021 - so integrierst du Gelb und Grau in deine Einrichtung &#8212; Comfort Works Blog &amp; Design Inspirationen","og_description":"Gelb und Grau sind die offiziellen Pantone Trendfarben 2021. Hier findest du einige Tipps, wie du sie in deinem Interior verwirklichen kannst.","og_url":"https:\/\/blog.comfort-works.com\/de\/die-interior-trendfarben-2021-so-integrierst-du-gelb-und-grau-in-deine-einrichtung\/","og_site_name":"Comfort Works Blog &amp; Design Inspirationen","article_publisher":"https:\/\/www.facebook.com\/comfortworkscovers","article_published_time":"2021-03-05T11:05:07+00:00","article_modified_time":"2025-04-29T02:47:36+00:00","og_image":[{"width":1092,"height":612,"url":"http:\/\/blog-v3.comfort-works.com\/wp-content\/uploads\/2021\/01\/\u30b9\u30af\u30ea\u30fc\u30f3\u30b7\u30e7\u30c3\u30c8-2021-01-14-22.12.54.png","type":"image\/png"}],"author":"Yasuyo","twitter_card":"summary_large_image","twitter_creator":"@comfortworks","twitter_site":"@comfortworks","twitter_misc":{"Verfasst von":"Yasuyo","Gesch\u00e4tzte Lesezeit":"6\u00a0Minuten"},"schema":{"@context":"https:\/\/schema.org","@graph":[{"@type":"Article","@id":"https:\/\/blog.comfort-works.com\/de\/die-interior-trendfarben-2021-so-integrierst-du-gelb-und-grau-in-deine-einrichtung\/#article","isPartOf":{"@id":"https:\/\/blog.comfort-works.com\/de\/die-interior-trendfarben-2021-so-integrierst-du-gelb-und-grau-in-deine-einrichtung\/"},"author":{"name":"Yasuyo","@id":"https:\/\/blog.comfort-works.com\/#\/schema\/person\/506694dfd82a24a1ecf58d2f2d0311cb"},"headline":"Die Interior Trendfarben 2021 &#8211; so integrierst du Gelb und Grau in deine Einrichtung","datePublished":"2021-03-05T11:05:07+00:00","dateModified":"2025-04-29T02:47:36+00:00","mainEntityOfPage":{"@id":"https:\/\/blog.comfort-works.com\/de\/die-interior-trendfarben-2021-so-integrierst-du-gelb-und-grau-in-deine-einrichtung\/"},"wordCount":802,"commentCount":0,"publisher":{"@id":"https:\/\/blog.comfort-works.com\/#organization"},"image":{"@id":"https:\/\/blog.comfort-works.com\/de\/die-interior-trendfarben-2021-so-integrierst-du-gelb-und-grau-in-deine-einrichtung\/#primaryimage"},"thumbnailUrl":"https:\/\/blog.comfort-works.com\/wp-content\/uploads\/2021\/01\/\u30b9\u30af\u30ea\u30fc\u30f3\u30b7\u30e7\u30c3\u30c8-2021-01-14-22.12.54.png","articleSection":["Home &amp; Interiors","Home Inspiration &amp; Trends"],"inLanguage":"de","potentialAction":[{"@type":"CommentAction","name":"Comment","target":["https:\/\/blog.comfort-works.com\/de\/die-interior-trendfarben-2021-so-integrierst-du-gelb-und-grau-in-deine-einrichtung\/#respond"]}]},{"@type":"WebPage","@id":"https:\/\/blog.comfort-works.com\/de\/die-interior-trendfarben-2021-so-integrierst-du-gelb-und-grau-in-deine-einrichtung\/","url":"https:\/\/blog.comfort-works.com\/de\/die-interior-trendfarben-2021-so-integrierst-du-gelb-und-grau-in-deine-einrichtung\/","name":"Die Interior Trendfarben 2021 - so integrierst du Gelb und Grau in deine Einrichtung &#8212; Comfort Works Blog &amp; Design Inspirationen","isPartOf":{"@id":"https:\/\/blog.comfort-works.com\/#website"},"primaryImageOfPage":{"@id":"https:\/\/blog.comfort-works.com\/de\/die-interior-trendfarben-2021-so-integrierst-du-gelb-und-grau-in-deine-einrichtung\/#primaryimage"},"image":{"@id":"https:\/\/blog.comfort-works.com\/de\/die-interior-trendfarben-2021-so-integrierst-du-gelb-und-grau-in-deine-einrichtung\/#primaryimage"},"thumbnailUrl":"https:\/\/blog.comfort-works.com\/wp-content\/uploads\/2021\/01\/\u30b9\u30af\u30ea\u30fc\u30f3\u30b7\u30e7\u30c3\u30c8-2021-01-14-22.12.54.png","datePublished":"2021-03-05T11:05:07+00:00","dateModified":"2025-04-29T02:47:36+00:00","description":"Gelb und Grau sind die offiziellen Pantone Trendfarben 2021. Hier findest du einige Tipps, wie du sie in deinem Interior verwirklichen kannst.","inLanguage":"de","potentialAction":[{"@type":"ReadAction","target":["https:\/\/blog.comfort-works.com\/de\/die-interior-trendfarben-2021-so-integrierst-du-gelb-und-grau-in-deine-einrichtung\/"]}]},{"@type":"ImageObject","inLanguage":"de","@id":"https:\/\/blog.comfort-works.com\/de\/die-interior-trendfarben-2021-so-integrierst-du-gelb-und-grau-in-deine-einrichtung\/#primaryimage","url":"https:\/\/blog.comfort-works.com\/wp-content\/uploads\/2021\/01\/\u30b9\u30af\u30ea\u30fc\u30f3\u30b7\u30e7\u30c3\u30c8-2021-01-14-22.12.54.png","contentUrl":"https:\/\/blog.comfort-works.com\/wp-content\/uploads\/2021\/01\/\u30b9\u30af\u30ea\u30fc\u30f3\u30b7\u30e7\u30c3\u30c8-2021-01-14-22.12.54.png","width":1092,"height":612,"caption":"\u4eca\u5e74\u306e\u30c8\u30ec\u30f3\u30c9\u30ab\u30e9\u30fc\u306f\u30b0\u30ec\u30fc\u3068\u30a4\u30a8\u30ed\u30fc\u306e\uff12\u8272\uff01\u30c8\u30ec\u30f3\u30c9\u30ab\u30e9\u30fc\u3092\u53d6\u308a\u5165\u308c\u3066\u660e\u308b\u3044\u7a7a\u9593\u3092\u624b\u306b\u5165\u308c\u308b\u3002"},{"@type":"WebSite","@id":"https:\/\/blog.comfort-works.com\/#website","url":"https:\/\/blog.comfort-works.com\/","name":"Finding Comfort","description":"Alles \u00fcber sch\u00f6ner Wohnen und Leben","publisher":{"@id":"https:\/\/blog.comfort-works.com\/#organization"},"potentialAction":[{"@type":"SearchAction","target":{"@type":"EntryPoint","urlTemplate":"https:\/\/blog.comfort-works.com\/?s={search_term_string}"},"query-input":{"@type":"PropertyValueSpecification","valueRequired":true,"valueName":"search_term_string"}}],"inLanguage":"de"},{"@type":"Organization","@id":"https:\/\/blog.comfort-works.com\/#organization","name":"Comfort Works","url":"https:\/\/blog.comfort-works.com\/","logo":{"@type":"ImageObject","inLanguage":"de","@id":"https:\/\/blog.comfort-works.com\/#\/schema\/logo\/image\/","url":"https:\/\/blog.comfort-works.com\/wp-content\/uploads\/2025\/06\/Frame-31.png","contentUrl":"https:\/\/blog.comfort-works.com\/wp-content\/uploads\/2025\/06\/Frame-31.png","width":1200,"height":675,"caption":"Comfort Works"},"image":{"@id":"https:\/\/blog.comfort-works.com\/#\/schema\/logo\/image\/"},"sameAs":["https:\/\/www.facebook.com\/comfortworkscovers","https:\/\/x.com\/comfortworks","https:\/\/www.instagram.com\/comfortworks\/","https:\/\/www.pinterest.com\/comfortworks\/","https:\/\/www.youtube.com\/channel\/UCiY0z-GqZUzfeBwrAhT2kAg"]},{"@type":"Person","@id":"https:\/\/blog.comfort-works.com\/#\/schema\/person\/506694dfd82a24a1ecf58d2f2d0311cb","name":"Yasuyo","image":{"@type":"ImageObject","inLanguage":"de","@id":"https:\/\/blog.comfort-works.com\/#\/schema\/person\/image\/","url":"https:\/\/secure.gravatar.com\/avatar\/e3b5859ba24fe3ba7c189245883295de1d8dfe53e5b14c1f6da709fc591480ac?s=96&d=mm&r=g","contentUrl":"https:\/\/secure.gravatar.com\/avatar\/e3b5859ba24fe3ba7c189245883295de1d8dfe53e5b14c1f6da709fc591480ac?s=96&d=mm&r=g","caption":"Yasuyo"},"url":"https:\/\/blog.comfort-works.com\/de\/author\/yasuyo\/"}]}},"_links":{"self":[{"href":"https:\/\/blog.comfort-works.com\/de\/wp-json\/wp\/v2\/posts\/70072","targetHints":{"allow":["GET"]}}],"collection":[{"href":"https:\/\/blog.comfort-works.com\/de\/wp-json\/wp\/v2\/posts"}],"about":[{"href":"https:\/\/blog.comfort-works.com\/de\/wp-json\/wp\/v2\/types\/post"}],"author":[{"embeddable":true,"href":"https:\/\/blog.comfort-works.com\/de\/wp-json\/wp\/v2\/users\/1001046"}],"replies":[{"embeddable":true,"href":"https:\/\/blog.comfort-works.com\/de\/wp-json\/wp\/v2\/comments?post=70072"}],"version-history":[{"count":10,"href":"https:\/\/blog.comfort-works.com\/de\/wp-json\/wp\/v2\/posts\/70072\/revisions"}],"predecessor-version":[{"id":114595,"href":"https:\/\/blog.comfort-works.com\/de\/wp-json\/wp\/v2\/posts\/70072\/revisions\/114595"}],"wp:featuredmedia":[{"embeddable":true,"href":"https:\/\/blog.comfort-works.com\/de\/wp-json\/wp\/v2\/media\/68909"}],"wp:attachment":[{"href":"https:\/\/blog.comfort-works.com\/de\/wp-json\/wp\/v2\/media?parent=70072"}],"wp:term":[{"taxonomy":"category","embeddable":true,"href":"https:\/\/blog.comfort-works.com\/de\/wp-json\/wp\/v2\/categories?post=70072"},{"taxonomy":"post_tag","embeddable":true,"href":"https:\/\/blog.comfort-works.com\/de\/wp-json\/wp\/v2\/tags?post=70072"}],"curies":[{"name":"wp","href":"https:\/\/api.w.org\/{rel}","templated":true}]}}