{"id":22433,"date":"2017-07-25T09:35:46","date_gmt":"2017-07-25T01:35:46","guid":{"rendered":"https:\/\/www.comfort-works.com\/news\/gama-de-sofas-tylosand-de-ikea-comfort-works\/"},"modified":"2025-04-28T17:03:54","modified_gmt":"2025-04-28T09:03:54","slug":"gama-de-sofas-tylosand-de-ikea-comfort-works","status":"publish","type":"post","link":"https:\/\/blog.comfort-works.com\/es\/gama-de-sofas-tylosand-de-ikea-comfort-works\/","title":{"rendered":"Gama de Sof\u00e1s Tylosand de IKEA \u2013 Comfort Works"},"content":{"rendered":"<p>La serie de sof\u00e1s modulares de IKEA Tylosand, est\u00e1 dise\u00f1ada para desafiar tu imaginaci\u00f3n y que puedas crear un n\u00famero inimaginable de combinaciones. Te permite colocar diferentes m\u00f3dulos juntos y crear un sinf\u00edn tipos de sof\u00e1. Puedes combinar dos piezas de sof\u00e1, tres piezas, cuatro piezas, \u00a1todas las que quieras! Y aunque esta divertida gama de sof\u00e1s fue descatalogada por IKEA en 2009, nosotros seguimos fabricando <a href=\"\">fundas a medida para los sof\u00e1s IKEA Tylosand<\/a>.<\/p>\n<p style=\"text-align: center;\"><a href=\"https:\/\/comfort-works.com\/tylosand-76\"><img loading=\"lazy\" decoding=\"async\" class=\" wp-image-2011 aligncenter\" title=\"Tylosand sofa covers comfortworks\" src=\"https:\/\/www.comfort-works.com\/news\/wp-content\/uploads\/2011\/04\/Tylosand-sofa-covers-comfortworks.jpg\" alt=\"\" width=\"540\" height=\"384\" srcset=\"https:\/\/blog.comfort-works.com\/wp-content\/uploads\/2011\/04\/Tylosand-sofa-covers-comfortworks.jpg 540w, https:\/\/blog.comfort-works.com\/wp-content\/uploads\/2011\/04\/Tylosand-sofa-covers-comfortworks-300x213.jpg 300w\" sizes=\"auto, (max-width: 540px) 100vw, 540px\" \/><\/a><\/p>\n<p>&nbsp;<\/p>\n<p>Existe una gran variedad de opiniones y comentarios sobre el sof\u00e1 Tylosand y su versi\u00f3n en sof\u00e1 cama.<\/p>\n<p>Pero para resumir, podemos decir que este sof\u00e1 se puede separar en diferentes piezas planas (por lo que no hay problema para entrar con el por ninguna puerta) y adem\u00e1s viene con fundas retirables, lavables y cambiables (fundas tambi\u00e9n disponibles en <a href=\"https:\/\/comfort-works.com\/es\/\">Comfort Works<\/a>). Adem\u00e1s, este sof\u00e1 es <strong>extremadamente<\/strong> c\u00f3modo para tumbarse a ver la televisi\u00f3n o dormir una siesta. Cuenta tambi\u00e9n con un elegante dise\u00f1o en la parte trasera, un dato importante si el sof\u00e1 est\u00e1 separado de la pared. Es un sof\u00e1 de buen ver, encaja a la perfecci\u00f3n en las esquinas y es muy c\u00f3modo. El modelo <a href=\"https:\/\/comfort-works.com\/es\/funda-sofa-tylosand-ikea\/funda-tylosand-sof%C3%A1-cama-321\">sof\u00e1 cama del Tylosand<\/a>, cuenta con una cama doble (a lo mejor necesitas la ayuda de dos personas para colocarla).<\/p>\n<p>A continuaci\u00f3n puedes ver una funda personalizada de Comfort Works para el <a href=\"\">sof\u00e1 IKEA Tylosand<\/a>:<\/p>\n<p style=\"text-align: center;\">\n<p style=\"text-align: center;\"><em>Funda Sof\u00e1 Tylosand con la tela Modena Black<\/em><\/p>\n<p>&nbsp;<\/p>\n<p>Si quieres descubrir como montar un sof\u00e1 Tylosand, a continuaci\u00f3n puedes descargarte las instrucciones. Haz click en el modelo correspondiente y descarga su manual de montaje.<\/p>\n<ul>\n<li><a href=\"https:\/\/www.comfort-works.com\/news\/wp-content\/uploads\/2011\/04\/IKEA-Tylosand-Footstool.pdf\">IKEA Tyl\u00f6sand M\u00f3dulo de 1 plaza<\/a><\/li>\n<li><a href=\"https:\/\/comfort-works.com\/news\/wp-content\/uploads\/2011\/04\/IKEA-Tylosand-Footstool.pdf\">IKEA Tyl\u00f6sand Reposapi\u00e9s<\/a><\/li>\n<li><a href=\"https:\/\/comfort-works.com\/news\/wp-content\/uploads\/2011\/04\/T20107378.pdf\">IKEA Tyl\u00f6sand Chaise Lounge Izquierdo<\/a><\/li>\n<li><a href=\"https:\/\/comfort-works.com\/news\/wp-content\/uploads\/2011\/04\/T00107379.pdf\">IKEA Tyl\u00f6sand 2 plazas con 1 apoyabrazos<\/a><\/li>\n<li><a href=\"https:\/\/comfort-works.com\/news\/wp-content\/uploads\/2011\/04\/T40107377.pdf\">IKEA Tyl\u00f6sand Chaise Lounge Derecho<\/a><\/li>\n<li><a href=\"https:\/\/comfort-works.com\/news\/wp-content\/uploads\/2011\/04\/T80107375.pdf\">IKEA Tyl\u00f6sand Sof\u00e1 Cama<\/a><\/li>\n<li><a href=\"https:\/\/www.comfort-works.com\/news\/wp-content\/uploads\/2017\/01\/Tylosand-3-seater.pdf\">IKEA Tyl\u00f6sand Sof\u00e1<\/a><\/li>\n<\/ul>\n<p>&nbsp;<\/p>\n<p><strong>CONSEJO:<\/strong> Dado que para este modelo de sof\u00e1 es necesario que coloques tu funda antes de montar la estructura, sigue las instrucciones de colocaci\u00f3n de nuestra funda primero.<\/p>\n<p><small><strong>DISE\u00d1ADORES<\/strong><\/small>\u00a0C. Ojerstam &amp; M. Eleback<br \/>\n<small><strong>DIMENSIONES: <\/strong>Altura: 76cm, Anchura: 240cm, Profundidad: 91.5cm\/200cm<\/small><\/p>\n<p>Haz click aqu\u00ed para ver todas las opciones de fundas disponibles para el <a href=\"\">sof\u00e1 Tylosand de IKEA.\u00a0<\/a><\/p>\n<p>A continuaci\u00f3n puedes ver algunas de las fotos que nos han enviado nuestros clientes. \u00a1Seguro que te sirven de inspiraci\u00f3n!<\/p>\n Fundas Sof\u00e1 Tylosand con la tela Kino Ash fabric por Comfort Works\n Fundas Sof\u00e1 de esquina Tylosand con la tela Kino Charcoal por Comfort Works\n Funda personalizada para el sof\u00e1 Tylosand con la tela Modena Black por Comfort Works\n<p>&nbsp;<\/p>\n<div class=\"grammarly-disable-indicator\"><\/div>\n","protected":false},"excerpt":{"rendered":"<p>La serie de sof\u00e1s modulares de IKEA Tylosand, est\u00e1 dise\u00f1ada para desafiar tu imaginaci\u00f3n y que puedas crear un n\u00famero inimaginable de combinaciones. Te permite colocar diferentes m\u00f3dulos juntos y crear un sinf\u00edn tipos de sof\u00e1. Puedes combinar dos piezas de sof\u00e1, tres piezas, cuatro piezas, \u00a1todas las que quieras! Y aunque esta divertida gama [&hellip;]<\/p>\n","protected":false},"author":1,"featured_media":31485,"comment_status":"open","ping_status":"closed","sticky":false,"template":"","format":"standard","meta":{"_acf_changed":false,"footnotes":""},"categories":[3],"tags":[502,125,28,495,542,494,540,385,307,61,493,539,293,541],"class_list":["post-22433","post","type-post","status-publish","format-standard","has-post-thumbnail","hentry","category-shoutout","tag-comfort-works-es","tag-comfort-works","tag-comfortworks","tag-comfortworks-es","tag-funda-cuero-tylosand","tag-fundas","tag-guia-de-sofas-ikea","tag-ikea-sofa-guides","tag-leather-tylosand","tag-re-upholster","tag-salon","tag-tapizar","tag-tylosand","tag-tylosand-es"],"acf":[],"yoast_head":"<!-- This site is optimized with the Yoast SEO Premium plugin v25.1 (Yoast SEO v25.1) - https:\/\/yoast.com\/wordpress\/plugins\/seo\/ -->\n<title>Colecci\u00f3n de sof\u00e1s Tylosand y gu\u00eda de fundas y recursos<\/title>\n<meta name=\"description\" content=\"Todo lo que necesitas saber sobre el sof\u00e1 Tylosand de IKEA: dimensiones, opciones, tama\u00f1os y todas las combinaciones de fundas disponibles.\" \/>\n<meta name=\"robots\" content=\"index, follow, max-snippet:-1, max-image-preview:large, max-video-preview:-1\" \/>\n<link rel=\"canonical\" href=\"https:\/\/blog.comfort-works.com\/es\/gama-de-sofas-tylosand-de-ikea-comfort-works\/\" \/>\n<meta property=\"og:locale\" content=\"es_ES\" \/>\n<meta property=\"og:type\" content=\"article\" \/>\n<meta property=\"og:title\" content=\"Colecci\u00f3n de sof\u00e1s Tylosand y gu\u00eda de fundas y recursos\" \/>\n<meta property=\"og:description\" content=\"Todo lo que necesitas saber sobre el sof\u00e1 Tylosand de IKEA: dimensiones, opciones, tama\u00f1os y todas las combinaciones de fundas disponibles.\" \/>\n<meta property=\"og:url\" content=\"https:\/\/blog.comfort-works.com\/es\/gama-de-sofas-tylosand-de-ikea-comfort-works\/\" \/>\n<meta property=\"og:site_name\" content=\"Blog Comfort Works - Inspiraci\u00f3n y decoraci\u00f3n\" \/>\n<meta property=\"article:publisher\" content=\"https:\/\/www.facebook.com\/comfortworkscovers\" \/>\n<meta property=\"article:published_time\" content=\"2017-07-25T01:35:46+00:00\" \/>\n<meta property=\"article:modified_time\" content=\"2025-04-28T09:03:54+00:00\" \/>\n<meta property=\"og:image\" content=\"http:\/\/blog-v3.comfort-works.com\/wp-content\/uploads\/2011\/04\/Tylosand-Modena-Black-Leather-2.jpg\" \/>\n\t<meta property=\"og:image:width\" content=\"1480\" \/>\n\t<meta property=\"og:image:height\" content=\"1041\" \/>\n\t<meta property=\"og:image:type\" content=\"image\/jpeg\" \/>\n<meta name=\"author\" content=\"Rachel Yeng\" \/>\n<meta name=\"twitter:card\" content=\"summary_large_image\" \/>\n<meta name=\"twitter:creator\" content=\"@comfortworks\" \/>\n<meta name=\"twitter:site\" content=\"@comfortworks\" \/>\n<meta name=\"twitter:label1\" content=\"Escrito por\" \/>\n\t<meta name=\"twitter:data1\" content=\"Rachel Yeng\" \/>\n\t<meta name=\"twitter:label2\" content=\"Tiempo de lectura\" \/>\n\t<meta name=\"twitter:data2\" content=\"2 minutos\" \/>\n<script type=\"application\/ld+json\" class=\"yoast-schema-graph\">{\"@context\":\"https:\/\/schema.org\",\"@graph\":[{\"@type\":\"Article\",\"@id\":\"https:\/\/blog.comfort-works.com\/es\/gama-de-sofas-tylosand-de-ikea-comfort-works\/#article\",\"isPartOf\":{\"@id\":\"https:\/\/blog.comfort-works.com\/es\/gama-de-sofas-tylosand-de-ikea-comfort-works\/\"},\"author\":{\"name\":\"Rachel Yeng\",\"@id\":\"https:\/\/blog.comfort-works.com\/#\/schema\/person\/b4ba942ba18cd68a055a719c3aff9b85\"},\"headline\":\"Gama de Sof\u00e1s Tylosand de IKEA \u2013 Comfort Works\",\"datePublished\":\"2017-07-25T01:35:46+00:00\",\"dateModified\":\"2025-04-28T09:03:54+00:00\",\"mainEntityOfPage\":{\"@id\":\"https:\/\/blog.comfort-works.com\/es\/gama-de-sofas-tylosand-de-ikea-comfort-works\/\"},\"wordCount\":474,\"commentCount\":0,\"publisher\":{\"@id\":\"https:\/\/blog.comfort-works.com\/#organization\"},\"image\":{\"@id\":\"https:\/\/blog.comfort-works.com\/es\/gama-de-sofas-tylosand-de-ikea-comfort-works\/#primaryimage\"},\"thumbnailUrl\":\"https:\/\/blog.comfort-works.com\/wp-content\/uploads\/2011\/04\/Tylosand-Modena-Black-Leather-2.jpg\",\"keywords\":[\"comfort-works\",\"comfort-works\",\"comfortworks\",\"comfortworks\",\"Funda Cuero Tylosand\",\"fundas\",\"Gu\u00eda de Sof\u00e1s IKEA\",\"IKEA Sofa Guides\",\"leather tylosand\",\"re-upholster\",\"sal\u00f3n\",\"Tapizar\",\"tylosand\",\"tylosand\"],\"articleSection\":[\"announcements\"],\"inLanguage\":\"es\",\"potentialAction\":[{\"@type\":\"CommentAction\",\"name\":\"Comment\",\"target\":[\"https:\/\/blog.comfort-works.com\/es\/gama-de-sofas-tylosand-de-ikea-comfort-works\/#respond\"]}]},{\"@type\":\"WebPage\",\"@id\":\"https:\/\/blog.comfort-works.com\/es\/gama-de-sofas-tylosand-de-ikea-comfort-works\/\",\"url\":\"https:\/\/blog.comfort-works.com\/es\/gama-de-sofas-tylosand-de-ikea-comfort-works\/\",\"name\":\"Colecci\u00f3n de sof\u00e1s Tylosand y gu\u00eda de fundas y recursos\",\"isPartOf\":{\"@id\":\"https:\/\/blog.comfort-works.com\/#website\"},\"primaryImageOfPage\":{\"@id\":\"https:\/\/blog.comfort-works.com\/es\/gama-de-sofas-tylosand-de-ikea-comfort-works\/#primaryimage\"},\"image\":{\"@id\":\"https:\/\/blog.comfort-works.com\/es\/gama-de-sofas-tylosand-de-ikea-comfort-works\/#primaryimage\"},\"thumbnailUrl\":\"https:\/\/blog.comfort-works.com\/wp-content\/uploads\/2011\/04\/Tylosand-Modena-Black-Leather-2.jpg\",\"datePublished\":\"2017-07-25T01:35:46+00:00\",\"dateModified\":\"2025-04-28T09:03:54+00:00\",\"description\":\"Todo lo que necesitas saber sobre el sof\u00e1 Tylosand de IKEA: dimensiones, opciones, tama\u00f1os y todas las combinaciones de fundas disponibles.\",\"inLanguage\":\"es\",\"potentialAction\":[{\"@type\":\"ReadAction\",\"target\":[\"https:\/\/blog.comfort-works.com\/es\/gama-de-sofas-tylosand-de-ikea-comfort-works\/\"]}]},{\"@type\":\"ImageObject\",\"inLanguage\":\"es\",\"@id\":\"https:\/\/blog.comfort-works.com\/es\/gama-de-sofas-tylosand-de-ikea-comfort-works\/#primaryimage\",\"url\":\"https:\/\/blog.comfort-works.com\/wp-content\/uploads\/2011\/04\/Tylosand-Modena-Black-Leather-2.jpg\",\"contentUrl\":\"https:\/\/blog.comfort-works.com\/wp-content\/uploads\/2011\/04\/Tylosand-Modena-Black-Leather-2.jpg\",\"width\":1480,\"height\":1041},{\"@type\":\"WebSite\",\"@id\":\"https:\/\/blog.comfort-works.com\/#website\",\"url\":\"https:\/\/blog.comfort-works.com\/\",\"name\":\"Finding Comfort\",\"description\":\"Everything you need to know about sofas\",\"publisher\":{\"@id\":\"https:\/\/blog.comfort-works.com\/#organization\"},\"potentialAction\":[{\"@type\":\"SearchAction\",\"target\":{\"@type\":\"EntryPoint\",\"urlTemplate\":\"https:\/\/blog.comfort-works.com\/?s={search_term_string}\"},\"query-input\":{\"@type\":\"PropertyValueSpecification\",\"valueRequired\":true,\"valueName\":\"search_term_string\"}}],\"inLanguage\":\"es\"},{\"@type\":\"Organization\",\"@id\":\"https:\/\/blog.comfort-works.com\/#organization\",\"name\":\"Comfort Works\",\"url\":\"https:\/\/blog.comfort-works.com\/\",\"logo\":{\"@type\":\"ImageObject\",\"inLanguage\":\"es\",\"@id\":\"https:\/\/blog.comfort-works.com\/#\/schema\/logo\/image\/\",\"url\":\"https:\/\/blog.comfort-works.com\/wp-content\/uploads\/2025\/06\/Frame-31.png\",\"contentUrl\":\"https:\/\/blog.comfort-works.com\/wp-content\/uploads\/2025\/06\/Frame-31.png\",\"width\":1200,\"height\":675,\"caption\":\"Comfort Works\"},\"image\":{\"@id\":\"https:\/\/blog.comfort-works.com\/#\/schema\/logo\/image\/\"},\"sameAs\":[\"https:\/\/www.facebook.com\/comfortworkscovers\",\"https:\/\/x.com\/comfortworks\",\"https:\/\/www.instagram.com\/comfortworks\/\",\"https:\/\/www.pinterest.com\/comfortworks\/\",\"https:\/\/www.youtube.com\/channel\/UCiY0z-GqZUzfeBwrAhT2kAg\"]},{\"@type\":\"Person\",\"@id\":\"https:\/\/blog.comfort-works.com\/#\/schema\/person\/b4ba942ba18cd68a055a719c3aff9b85\",\"name\":\"Rachel Yeng\",\"image\":{\"@type\":\"ImageObject\",\"inLanguage\":\"es\",\"@id\":\"https:\/\/blog.comfort-works.com\/#\/schema\/person\/image\/\",\"url\":\"https:\/\/secure.gravatar.com\/avatar\/fb70a3196f6f8262eea2b0cd27e7eab9291b664feb0dc38d7765175d79e1f300?s=96&d=mm&r=g\",\"contentUrl\":\"https:\/\/secure.gravatar.com\/avatar\/fb70a3196f6f8262eea2b0cd27e7eab9291b664feb0dc38d7765175d79e1f300?s=96&d=mm&r=g\",\"caption\":\"Rachel Yeng\"},\"description\":\"With a background in architecture and psychology, Rachel shapes how our products look, feel and function. As co-founder and head of people &amp; product at CW, she leads everything from fabric innovation to team culture \u2014 bringing style and heart to our work so more people can love their homes.\",\"sameAs\":[\"https:\/\/www.linkedin.com\/in\/rachel-yeng\/\"],\"url\":\"https:\/\/blog.comfort-works.com\/es\/author\/admin\/\"}]}<\/script>\n<!-- \/ Yoast SEO Premium plugin. -->","yoast_head_json":{"title":"Colecci\u00f3n de sof\u00e1s Tylosand y gu\u00eda de fundas y recursos","description":"Todo lo que necesitas saber sobre el sof\u00e1 Tylosand de IKEA: dimensiones, opciones, tama\u00f1os y todas las combinaciones de fundas disponibles.","robots":{"index":"index","follow":"follow","max-snippet":"max-snippet:-1","max-image-preview":"max-image-preview:large","max-video-preview":"max-video-preview:-1"},"canonical":"https:\/\/blog.comfort-works.com\/es\/gama-de-sofas-tylosand-de-ikea-comfort-works\/","og_locale":"es_ES","og_type":"article","og_title":"Colecci\u00f3n de sof\u00e1s Tylosand y gu\u00eda de fundas y recursos","og_description":"Todo lo que necesitas saber sobre el sof\u00e1 Tylosand de IKEA: dimensiones, opciones, tama\u00f1os y todas las combinaciones de fundas disponibles.","og_url":"https:\/\/blog.comfort-works.com\/es\/gama-de-sofas-tylosand-de-ikea-comfort-works\/","og_site_name":"Blog Comfort Works - Inspiraci\u00f3n y decoraci\u00f3n","article_publisher":"https:\/\/www.facebook.com\/comfortworkscovers","article_published_time":"2017-07-25T01:35:46+00:00","article_modified_time":"2025-04-28T09:03:54+00:00","og_image":[{"width":1480,"height":1041,"url":"http:\/\/blog-v3.comfort-works.com\/wp-content\/uploads\/2011\/04\/Tylosand-Modena-Black-Leather-2.jpg","type":"image\/jpeg"}],"author":"Rachel Yeng","twitter_card":"summary_large_image","twitter_creator":"@comfortworks","twitter_site":"@comfortworks","twitter_misc":{"Escrito por":"Rachel Yeng","Tiempo de lectura":"2 minutos"},"schema":{"@context":"https:\/\/schema.org","@graph":[{"@type":"Article","@id":"https:\/\/blog.comfort-works.com\/es\/gama-de-sofas-tylosand-de-ikea-comfort-works\/#article","isPartOf":{"@id":"https:\/\/blog.comfort-works.com\/es\/gama-de-sofas-tylosand-de-ikea-comfort-works\/"},"author":{"name":"Rachel Yeng","@id":"https:\/\/blog.comfort-works.com\/#\/schema\/person\/b4ba942ba18cd68a055a719c3aff9b85"},"headline":"Gama de Sof\u00e1s Tylosand de IKEA \u2013 Comfort Works","datePublished":"2017-07-25T01:35:46+00:00","dateModified":"2025-04-28T09:03:54+00:00","mainEntityOfPage":{"@id":"https:\/\/blog.comfort-works.com\/es\/gama-de-sofas-tylosand-de-ikea-comfort-works\/"},"wordCount":474,"commentCount":0,"publisher":{"@id":"https:\/\/blog.comfort-works.com\/#organization"},"image":{"@id":"https:\/\/blog.comfort-works.com\/es\/gama-de-sofas-tylosand-de-ikea-comfort-works\/#primaryimage"},"thumbnailUrl":"https:\/\/blog.comfort-works.com\/wp-content\/uploads\/2011\/04\/Tylosand-Modena-Black-Leather-2.jpg","keywords":["comfort-works","comfort-works","comfortworks","comfortworks","Funda Cuero Tylosand","fundas","Gu\u00eda de Sof\u00e1s IKEA","IKEA Sofa Guides","leather tylosand","re-upholster","sal\u00f3n","Tapizar","tylosand","tylosand"],"articleSection":["announcements"],"inLanguage":"es","potentialAction":[{"@type":"CommentAction","name":"Comment","target":["https:\/\/blog.comfort-works.com\/es\/gama-de-sofas-tylosand-de-ikea-comfort-works\/#respond"]}]},{"@type":"WebPage","@id":"https:\/\/blog.comfort-works.com\/es\/gama-de-sofas-tylosand-de-ikea-comfort-works\/","url":"https:\/\/blog.comfort-works.com\/es\/gama-de-sofas-tylosand-de-ikea-comfort-works\/","name":"Colecci\u00f3n de sof\u00e1s Tylosand y gu\u00eda de fundas y recursos","isPartOf":{"@id":"https:\/\/blog.comfort-works.com\/#website"},"primaryImageOfPage":{"@id":"https:\/\/blog.comfort-works.com\/es\/gama-de-sofas-tylosand-de-ikea-comfort-works\/#primaryimage"},"image":{"@id":"https:\/\/blog.comfort-works.com\/es\/gama-de-sofas-tylosand-de-ikea-comfort-works\/#primaryimage"},"thumbnailUrl":"https:\/\/blog.comfort-works.com\/wp-content\/uploads\/2011\/04\/Tylosand-Modena-Black-Leather-2.jpg","datePublished":"2017-07-25T01:35:46+00:00","dateModified":"2025-04-28T09:03:54+00:00","description":"Todo lo que necesitas saber sobre el sof\u00e1 Tylosand de IKEA: dimensiones, opciones, tama\u00f1os y todas las combinaciones de fundas disponibles.","inLanguage":"es","potentialAction":[{"@type":"ReadAction","target":["https:\/\/blog.comfort-works.com\/es\/gama-de-sofas-tylosand-de-ikea-comfort-works\/"]}]},{"@type":"ImageObject","inLanguage":"es","@id":"https:\/\/blog.comfort-works.com\/es\/gama-de-sofas-tylosand-de-ikea-comfort-works\/#primaryimage","url":"https:\/\/blog.comfort-works.com\/wp-content\/uploads\/2011\/04\/Tylosand-Modena-Black-Leather-2.jpg","contentUrl":"https:\/\/blog.comfort-works.com\/wp-content\/uploads\/2011\/04\/Tylosand-Modena-Black-Leather-2.jpg","width":1480,"height":1041},{"@type":"WebSite","@id":"https:\/\/blog.comfort-works.com\/#website","url":"https:\/\/blog.comfort-works.com\/","name":"Finding Comfort","description":"Everything you need to know about sofas","publisher":{"@id":"https:\/\/blog.comfort-works.com\/#organization"},"potentialAction":[{"@type":"SearchAction","target":{"@type":"EntryPoint","urlTemplate":"https:\/\/blog.comfort-works.com\/?s={search_term_string}"},"query-input":{"@type":"PropertyValueSpecification","valueRequired":true,"valueName":"search_term_string"}}],"inLanguage":"es"},{"@type":"Organization","@id":"https:\/\/blog.comfort-works.com\/#organization","name":"Comfort Works","url":"https:\/\/blog.comfort-works.com\/","logo":{"@type":"ImageObject","inLanguage":"es","@id":"https:\/\/blog.comfort-works.com\/#\/schema\/logo\/image\/","url":"https:\/\/blog.comfort-works.com\/wp-content\/uploads\/2025\/06\/Frame-31.png","contentUrl":"https:\/\/blog.comfort-works.com\/wp-content\/uploads\/2025\/06\/Frame-31.png","width":1200,"height":675,"caption":"Comfort Works"},"image":{"@id":"https:\/\/blog.comfort-works.com\/#\/schema\/logo\/image\/"},"sameAs":["https:\/\/www.facebook.com\/comfortworkscovers","https:\/\/x.com\/comfortworks","https:\/\/www.instagram.com\/comfortworks\/","https:\/\/www.pinterest.com\/comfortworks\/","https:\/\/www.youtube.com\/channel\/UCiY0z-GqZUzfeBwrAhT2kAg"]},{"@type":"Person","@id":"https:\/\/blog.comfort-works.com\/#\/schema\/person\/b4ba942ba18cd68a055a719c3aff9b85","name":"Rachel Yeng","image":{"@type":"ImageObject","inLanguage":"es","@id":"https:\/\/blog.comfort-works.com\/#\/schema\/person\/image\/","url":"https:\/\/secure.gravatar.com\/avatar\/fb70a3196f6f8262eea2b0cd27e7eab9291b664feb0dc38d7765175d79e1f300?s=96&d=mm&r=g","contentUrl":"https:\/\/secure.gravatar.com\/avatar\/fb70a3196f6f8262eea2b0cd27e7eab9291b664feb0dc38d7765175d79e1f300?s=96&d=mm&r=g","caption":"Rachel Yeng"},"description":"With a background in architecture and psychology, Rachel shapes how our products look, feel and function. As co-founder and head of people &amp; product at CW, she leads everything from fabric innovation to team culture \u2014 bringing style and heart to our work so more people can love their homes.","sameAs":["https:\/\/www.linkedin.com\/in\/rachel-yeng\/"],"url":"https:\/\/blog.comfort-works.com\/es\/author\/admin\/"}]}},"_links":{"self":[{"href":"https:\/\/blog.comfort-works.com\/es\/wp-json\/wp\/v2\/posts\/22433","targetHints":{"allow":["GET"]}}],"collection":[{"href":"https:\/\/blog.comfort-works.com\/es\/wp-json\/wp\/v2\/posts"}],"about":[{"href":"https:\/\/blog.comfort-works.com\/es\/wp-json\/wp\/v2\/types\/post"}],"author":[{"embeddable":true,"href":"https:\/\/blog.comfort-works.com\/es\/wp-json\/wp\/v2\/users\/1"}],"replies":[{"embeddable":true,"href":"https:\/\/blog.comfort-works.com\/es\/wp-json\/wp\/v2\/comments?post=22433"}],"version-history":[{"count":8,"href":"https:\/\/blog.comfort-works.com\/es\/wp-json\/wp\/v2\/posts\/22433\/revisions"}],"predecessor-version":[{"id":107953,"href":"https:\/\/blog.comfort-works.com\/es\/wp-json\/wp\/v2\/posts\/22433\/revisions\/107953"}],"wp:featuredmedia":[{"embeddable":true,"href":"https:\/\/blog.comfort-works.com\/es\/wp-json\/wp\/v2\/media\/31485"}],"wp:attachment":[{"href":"https:\/\/blog.comfort-works.com\/es\/wp-json\/wp\/v2\/media?parent=22433"}],"wp:term":[{"taxonomy":"category","embeddable":true,"href":"https:\/\/blog.comfort-works.com\/es\/wp-json\/wp\/v2\/categories?post=22433"},{"taxonomy":"post_tag","embeddable":true,"href":"https:\/\/blog.comfort-works.com\/es\/wp-json\/wp\/v2\/tags?post=22433"}],"curies":[{"name":"wp","href":"https:\/\/api.w.org\/{rel}","templated":true}]}}