{"id":25440,"date":"2017-10-21T22:30:52","date_gmt":"2017-10-21T14:30:52","guid":{"rendered":"https:\/\/www.comfort-works.com\/news\/?p=25440\/"},"modified":"2024-01-30T13:26:20","modified_gmt":"2024-01-30T05:26:20","slug":"les-teles-favorites-dels-nostres-clients-barcelona-fundes-sofa","status":"publish","type":"post","link":"https:\/\/blog.comfort-works.com\/es\/les-teles-favorites-dels-nostres-clients-barcelona-fundes-sofa\/","title":{"rendered":"Les teles favorites dels nostres clients a Barcelona &#8211; Fundes Sof\u00e0"},"content":{"rendered":"<p>En Comfort Works estem enamorats de Barcelona! Ens encanta la ciutat, la seva vida, la seva gent, la seva gastronomia &#8230; I a m\u00e9s tenim molt bons clients en ella.<\/p>\n<p>\u00c9s per aix\u00f2 que ens hem decidit fer aquest r\u00e0nquing amb les fundes de sof\u00e0 preferides dels nostres amics de Barcelona. Es tracta d&#8217;una llista amb les teles preferides a Barcelona per a les fundes de sof\u00e0 en el que va d&#8217;any. Quins seran els teixits preferits a la Ciutat Comtal?<\/p>\n<p>\u00bfPreparats? \u00bfLlestos? Comencem!<\/p>\n<h2>1. Fundes Sof\u00e0 Kino Shadow<\/h2>\n<p>Comencem amb la tela preferida de la capital de Catalunya: Kino Shadow! Una tela molt resistent i durable perfecta per a grans fam\u00edlies. El millor d&#8217;aquesta tela \u00e9s que es pot rentar a m\u00e0quina i aix\u00ed pots mantenir el teu sof\u00e0 sempre net. \u00c9s el nostre best-seller a Barcelona!<\/p>\n<p>A continuaci\u00f3 pots veure com quedaria en un sof\u00e0:<\/p>\n<h2>2. Fundes Sof\u00e0 Kino Frost<\/h2>\n<p>Al n\u00famero 2 del r\u00e0nquing, tenim de nou a les fundes de sof\u00e0 fetes amb teles Kino. En aquest cas es tracta de la tela Kino Frost, que t\u00e9 un color m\u00e9s neutral i clar. La veritat que encara que moltes persones prefereixen optar per colors foscos per evitar les taques de brut\u00edcia, amb les teles Kino no t&#8217;has de preocupar d&#8217;aix\u00f2. Ja que com hem dit abans es poden rentar a m\u00e0quina i s\u00f3n molt resistents.<\/p>\n<p>La seg\u00fcent foto ens l&#8217;ha enviat una blocaire amb la qual hem col\u00b7laborat:<\/p>\n<h2>3. Fundes Sof\u00e0 Urbanskin Kramfors<\/h2>\n<p>I el lloc 3, \u00e9s per a les fundes fetes amb una de les nostres teles m\u00e9s premium: la tela Urbanskin Kramfors. S\u00faper c\u00f2mode i durable, li pots donar un aspecte premium a gaireb\u00e9 qualsevol tipus de sof\u00e0. Fins i tot si el teu sof\u00e0 no \u00e9s de cuir!<\/p>\n<p>Qu\u00e8 us sembla com ha quedat aquest ?:<\/p>\n<h2>4. Fundes Sof\u00e0 Kino Navy<\/h2>\n<p>I seguim amb una nova funda de sof\u00e0 feta amb tela Kino. En concret, la tela Kino Navy. Una tela amb un color blau fosc que aporta eleg\u00e0ncia i sofisticaci\u00f3. Si est\u00e0s pensant en demanar una funda amb aquesta tela recorda accesorizar al sof\u00e0 amb coixins o mantes de tons m\u00e9s clars.<\/p>\n<p>La seg\u00fcent funda t\u00e9 una faldilla llarga i plecs en les cantonades:<\/p>\n<h2>5. Fundes Sof\u00e0 Kino Denim<\/h2>\n<p>Una funda amb una de les meves teles preferides! Es tracta de la tela Kino Denim, que compta amb un teixit molt similar als teixits texans. Si aquestes pensant a demanar mostres de teles pr\u00f2ximament, et recomano que valors aquesta tela. Et va sorprendre!<\/p>\n<p>Ens encanta la decoraci\u00f3 utilitzada per combinar amb aquest sof\u00e0:<\/p>\n<h2>6. Funda Sof\u00e0 Shire Mustard<\/h2>\n<p>I en el lloc n\u00famero 6, per\u00f2 no per aix\u00f2 menys important tenim la tela Shire Mustard. Despr\u00e9s de diverses fundes de colors m\u00e9s neutrals, aquesta funda est\u00e0 feta amb una tela plena de vida i color. Est\u00e0 agradant molt \u00faltimament i nosaltres tamb\u00e9 ens hem animat i tenim una funda igual a l&#8217;oficina.<\/p>\n<p>Si vols reviure i donar un aspecte modern al teu sof\u00e0, atreveix-te amb la tela Shire Mustard:<\/p>\n<p>Per descomptat, aix\u00f2 \u00e9s nom\u00e9s el top 6 de les nostres fundes, per\u00f2 hi ha molt\u00edssimes m\u00e9s. Tenim m\u00e9s de 60 tipus de teles a la nostra web! Si tu tamb\u00e9 vols renovar el teu sof\u00e0 amb una nova <a href=\"\">funda de reempla\u00e7ament<\/a> pots demanar mostres de teles a la secci\u00f3 de <a href=\"https:\/\/comfort-works.com\/es-es\/pages\/fabric-samples\">Mostres de Tela<\/a> del nostre web. Et van encantar!<\/p>\n<p>Us agradaria que afeg\u00edssim una nova tela al nostre cat\u00e0leg? O voleu m\u00e9s informaci\u00f3 dels nostres productes? Podeu deixar-nos un comentari a la secci\u00f3 de comentaris d&#8217;aquest post o enviar-nos un e-mail a <a href=\"mailto:info@comfortworks.com.au\">info@comfortworks.com.au<\/a>. Us llegim sempre.<\/p>\n<p>Tamb\u00e9 podeu seguir-nos a les nostres xarxes socials per inspirar-i estar sempre connectats amb nosaltres. Tenim comptes a <a href=\"https:\/\/www.facebook.com\/ComfortWorks.com.au\">Facebook<\/a>, Instagram i <a href=\"https:\/\/www.pinterest.es\/comfortworks\/\">Pinterest<\/a>.<\/p>\n<div class=\"grammarly-disable-indicator\"><\/div>\n","protected":false},"excerpt":{"rendered":"<p>En Comfort Works estem enamorats de Barcelona! Ens encanta la ciutat, la seva vida, la seva gent, la seva gastronomia &#8230; I a m\u00e9s tenim molt bons clients en ella. \u00c9s per aix\u00f2 que ens hem decidit fer aquest r\u00e0nquing amb les fundes de sof\u00e0 preferides dels nostres amics de Barcelona. Es tracta d&#8217;una llista [&hellip;]<\/p>\n","protected":false},"author":1001016,"featured_media":25407,"comment_status":"open","ping_status":"closed","sticky":false,"template":"","format":"standard","meta":{"_acf_changed":false,"footnotes":""},"categories":[395],"tags":[],"class_list":["post-25440","post","type-post","status-publish","format-standard","has-post-thumbnail","hentry","category-general"],"acf":[],"yoast_head":"<!-- This site is optimized with the Yoast SEO Premium plugin v25.1 (Yoast SEO v25.1) - https:\/\/yoast.com\/wordpress\/plugins\/seo\/ -->\n<title>Les teles favorites dels nostres clients a Barcelona - Fundes Sof\u00e0<\/title>\n<meta name=\"description\" content=\"R\u00e0nquing amb les fundes de sof\u00e0 preferides a Barcelona. Quines seran les teles preferides a la Ciutat Comtal? Et sorprendr\u00e0s!\" \/>\n<meta name=\"robots\" content=\"index, follow, max-snippet:-1, max-image-preview:large, max-video-preview:-1\" \/>\n<link rel=\"canonical\" href=\"https:\/\/blog.comfort-works.com\/es\/les-teles-favorites-dels-nostres-clients-barcelona-fundes-sofa\/\" \/>\n<meta property=\"og:locale\" content=\"es_ES\" \/>\n<meta property=\"og:type\" content=\"article\" \/>\n<meta property=\"og:title\" content=\"Les teles favorites dels nostres clients a Barcelona - Fundes Sof\u00e0\" \/>\n<meta property=\"og:description\" content=\"R\u00e0nquing amb les fundes de sof\u00e0 preferides a Barcelona. Quines seran les teles preferides a la Ciutat Comtal? Et sorprendr\u00e0s!\" \/>\n<meta property=\"og:url\" content=\"https:\/\/blog.comfort-works.com\/es\/les-teles-favorites-dels-nostres-clients-barcelona-fundes-sofa\/\" \/>\n<meta property=\"og:site_name\" content=\"Blog Comfort Works - Inspiraci\u00f3n y decoraci\u00f3n\" \/>\n<meta property=\"article:publisher\" content=\"https:\/\/www.facebook.com\/comfortworkscovers\" \/>\n<meta property=\"article:published_time\" content=\"2017-10-21T14:30:52+00:00\" \/>\n<meta property=\"article:modified_time\" content=\"2024-01-30T05:26:20+00:00\" \/>\n<meta property=\"og:image\" content=\"https:\/\/blog-v3.comfort-works.com\/wp-content\/uploads\/2017\/10\/AnneSotte-35-scaled.jpg\" \/>\n\t<meta property=\"og:image:width\" content=\"2560\" \/>\n\t<meta property=\"og:image:height\" content=\"1707\" \/>\n\t<meta property=\"og:image:type\" content=\"image\/jpeg\" \/>\n<meta name=\"author\" content=\"Abel\" \/>\n<meta name=\"twitter:card\" content=\"summary_large_image\" \/>\n<meta name=\"twitter:creator\" content=\"@comfortworks\" \/>\n<meta name=\"twitter:site\" content=\"@comfortworks\" \/>\n<meta name=\"twitter:label1\" content=\"Escrito por\" \/>\n\t<meta name=\"twitter:data1\" content=\"Abel\" \/>\n\t<meta name=\"twitter:label2\" content=\"Tiempo de lectura\" \/>\n\t<meta name=\"twitter:data2\" content=\"3 minutos\" \/>\n<script type=\"application\/ld+json\" class=\"yoast-schema-graph\">{\"@context\":\"https:\/\/schema.org\",\"@graph\":[{\"@type\":\"Article\",\"@id\":\"https:\/\/blog.comfort-works.com\/es\/les-teles-favorites-dels-nostres-clients-barcelona-fundes-sofa\/#article\",\"isPartOf\":{\"@id\":\"https:\/\/blog.comfort-works.com\/es\/les-teles-favorites-dels-nostres-clients-barcelona-fundes-sofa\/\"},\"author\":{\"name\":\"Abel\",\"@id\":\"https:\/\/blog.comfort-works.com\/#\/schema\/person\/99ee364d85a090cabd5a8bb59e9a4115\"},\"headline\":\"Les teles favorites dels nostres clients a Barcelona &#8211; Fundes Sof\u00e0\",\"datePublished\":\"2017-10-21T14:30:52+00:00\",\"dateModified\":\"2024-01-30T05:26:20+00:00\",\"mainEntityOfPage\":{\"@id\":\"https:\/\/blog.comfort-works.com\/es\/les-teles-favorites-dels-nostres-clients-barcelona-fundes-sofa\/\"},\"wordCount\":659,\"commentCount\":0,\"publisher\":{\"@id\":\"https:\/\/blog.comfort-works.com\/#organization\"},\"image\":{\"@id\":\"https:\/\/blog.comfort-works.com\/es\/les-teles-favorites-dels-nostres-clients-barcelona-fundes-sofa\/#primaryimage\"},\"thumbnailUrl\":\"https:\/\/blog.comfort-works.com\/wp-content\/uploads\/2017\/10\/AnneSotte-35-scaled.jpg\",\"articleSection\":[\"anuncios\"],\"inLanguage\":\"es\",\"potentialAction\":[{\"@type\":\"CommentAction\",\"name\":\"Comment\",\"target\":[\"https:\/\/blog.comfort-works.com\/es\/les-teles-favorites-dels-nostres-clients-barcelona-fundes-sofa\/#respond\"]}]},{\"@type\":\"WebPage\",\"@id\":\"https:\/\/blog.comfort-works.com\/es\/les-teles-favorites-dels-nostres-clients-barcelona-fundes-sofa\/\",\"url\":\"https:\/\/blog.comfort-works.com\/es\/les-teles-favorites-dels-nostres-clients-barcelona-fundes-sofa\/\",\"name\":\"Les teles favorites dels nostres clients a Barcelona - Fundes Sof\u00e0\",\"isPartOf\":{\"@id\":\"https:\/\/blog.comfort-works.com\/#website\"},\"primaryImageOfPage\":{\"@id\":\"https:\/\/blog.comfort-works.com\/es\/les-teles-favorites-dels-nostres-clients-barcelona-fundes-sofa\/#primaryimage\"},\"image\":{\"@id\":\"https:\/\/blog.comfort-works.com\/es\/les-teles-favorites-dels-nostres-clients-barcelona-fundes-sofa\/#primaryimage\"},\"thumbnailUrl\":\"https:\/\/blog.comfort-works.com\/wp-content\/uploads\/2017\/10\/AnneSotte-35-scaled.jpg\",\"datePublished\":\"2017-10-21T14:30:52+00:00\",\"dateModified\":\"2024-01-30T05:26:20+00:00\",\"description\":\"R\u00e0nquing amb les fundes de sof\u00e0 preferides a Barcelona. Quines seran les teles preferides a la Ciutat Comtal? Et sorprendr\u00e0s!\",\"inLanguage\":\"es\",\"potentialAction\":[{\"@type\":\"ReadAction\",\"target\":[\"https:\/\/blog.comfort-works.com\/es\/les-teles-favorites-dels-nostres-clients-barcelona-fundes-sofa\/\"]}]},{\"@type\":\"ImageObject\",\"inLanguage\":\"es\",\"@id\":\"https:\/\/blog.comfort-works.com\/es\/les-teles-favorites-dels-nostres-clients-barcelona-fundes-sofa\/#primaryimage\",\"url\":\"https:\/\/blog.comfort-works.com\/wp-content\/uploads\/2017\/10\/AnneSotte-35-scaled.jpg\",\"contentUrl\":\"https:\/\/blog.comfort-works.com\/wp-content\/uploads\/2017\/10\/AnneSotte-35-scaled.jpg\",\"width\":2560,\"height\":1707},{\"@type\":\"WebSite\",\"@id\":\"https:\/\/blog.comfort-works.com\/#website\",\"url\":\"https:\/\/blog.comfort-works.com\/\",\"name\":\"Finding Comfort\",\"description\":\"Everything you need to know about sofas\",\"publisher\":{\"@id\":\"https:\/\/blog.comfort-works.com\/#organization\"},\"potentialAction\":[{\"@type\":\"SearchAction\",\"target\":{\"@type\":\"EntryPoint\",\"urlTemplate\":\"https:\/\/blog.comfort-works.com\/?s={search_term_string}\"},\"query-input\":{\"@type\":\"PropertyValueSpecification\",\"valueRequired\":true,\"valueName\":\"search_term_string\"}}],\"inLanguage\":\"es\"},{\"@type\":\"Organization\",\"@id\":\"https:\/\/blog.comfort-works.com\/#organization\",\"name\":\"Comfort Works\",\"url\":\"https:\/\/blog.comfort-works.com\/\",\"logo\":{\"@type\":\"ImageObject\",\"inLanguage\":\"es\",\"@id\":\"https:\/\/blog.comfort-works.com\/#\/schema\/logo\/image\/\",\"url\":\"https:\/\/blog.comfort-works.com\/wp-content\/uploads\/2025\/06\/Frame-31.png\",\"contentUrl\":\"https:\/\/blog.comfort-works.com\/wp-content\/uploads\/2025\/06\/Frame-31.png\",\"width\":1200,\"height\":675,\"caption\":\"Comfort Works\"},\"image\":{\"@id\":\"https:\/\/blog.comfort-works.com\/#\/schema\/logo\/image\/\"},\"sameAs\":[\"https:\/\/www.facebook.com\/comfortworkscovers\",\"https:\/\/x.com\/comfortworks\",\"https:\/\/www.instagram.com\/comfortworks\/\",\"https:\/\/www.pinterest.com\/comfortworks\/\",\"https:\/\/www.youtube.com\/channel\/UCiY0z-GqZUzfeBwrAhT2kAg\"]},{\"@type\":\"Person\",\"@id\":\"https:\/\/blog.comfort-works.com\/#\/schema\/person\/99ee364d85a090cabd5a8bb59e9a4115\",\"name\":\"Abel\",\"image\":{\"@type\":\"ImageObject\",\"inLanguage\":\"es\",\"@id\":\"https:\/\/blog.comfort-works.com\/#\/schema\/person\/image\/\",\"url\":\"https:\/\/secure.gravatar.com\/avatar\/ffbf775fcaae3a0c97e89bffb495210c16f0fbceea633df4c50f89c21e905713?s=96&d=mm&r=g\",\"contentUrl\":\"https:\/\/secure.gravatar.com\/avatar\/ffbf775fcaae3a0c97e89bffb495210c16f0fbceea633df4c50f89c21e905713?s=96&d=mm&r=g\",\"caption\":\"Abel\"},\"description\":\"Abel is a brand storyteller with a flair for practical advice and product reviews. He created content that helped readers care for their sofas and make smarter style choices.\",\"sameAs\":[\"https:\/\/www.linkedin.com\/in\/abel-cceres-medina-1282b282\/\"],\"url\":\"https:\/\/blog.comfort-works.com\/es\/author\/abel\/\"}]}<\/script>\n<!-- \/ Yoast SEO Premium plugin. -->","yoast_head_json":{"title":"Les teles favorites dels nostres clients a Barcelona - Fundes Sof\u00e0","description":"R\u00e0nquing amb les fundes de sof\u00e0 preferides a Barcelona. Quines seran les teles preferides a la Ciutat Comtal? Et sorprendr\u00e0s!","robots":{"index":"index","follow":"follow","max-snippet":"max-snippet:-1","max-image-preview":"max-image-preview:large","max-video-preview":"max-video-preview:-1"},"canonical":"https:\/\/blog.comfort-works.com\/es\/les-teles-favorites-dels-nostres-clients-barcelona-fundes-sofa\/","og_locale":"es_ES","og_type":"article","og_title":"Les teles favorites dels nostres clients a Barcelona - Fundes Sof\u00e0","og_description":"R\u00e0nquing amb les fundes de sof\u00e0 preferides a Barcelona. Quines seran les teles preferides a la Ciutat Comtal? Et sorprendr\u00e0s!","og_url":"https:\/\/blog.comfort-works.com\/es\/les-teles-favorites-dels-nostres-clients-barcelona-fundes-sofa\/","og_site_name":"Blog Comfort Works - Inspiraci\u00f3n y decoraci\u00f3n","article_publisher":"https:\/\/www.facebook.com\/comfortworkscovers","article_published_time":"2017-10-21T14:30:52+00:00","article_modified_time":"2024-01-30T05:26:20+00:00","og_image":[{"width":2560,"height":1707,"url":"https:\/\/blog-v3.comfort-works.com\/wp-content\/uploads\/2017\/10\/AnneSotte-35-scaled.jpg","type":"image\/jpeg"}],"author":"Abel","twitter_card":"summary_large_image","twitter_creator":"@comfortworks","twitter_site":"@comfortworks","twitter_misc":{"Escrito por":"Abel","Tiempo de lectura":"3 minutos"},"schema":{"@context":"https:\/\/schema.org","@graph":[{"@type":"Article","@id":"https:\/\/blog.comfort-works.com\/es\/les-teles-favorites-dels-nostres-clients-barcelona-fundes-sofa\/#article","isPartOf":{"@id":"https:\/\/blog.comfort-works.com\/es\/les-teles-favorites-dels-nostres-clients-barcelona-fundes-sofa\/"},"author":{"name":"Abel","@id":"https:\/\/blog.comfort-works.com\/#\/schema\/person\/99ee364d85a090cabd5a8bb59e9a4115"},"headline":"Les teles favorites dels nostres clients a Barcelona &#8211; Fundes Sof\u00e0","datePublished":"2017-10-21T14:30:52+00:00","dateModified":"2024-01-30T05:26:20+00:00","mainEntityOfPage":{"@id":"https:\/\/blog.comfort-works.com\/es\/les-teles-favorites-dels-nostres-clients-barcelona-fundes-sofa\/"},"wordCount":659,"commentCount":0,"publisher":{"@id":"https:\/\/blog.comfort-works.com\/#organization"},"image":{"@id":"https:\/\/blog.comfort-works.com\/es\/les-teles-favorites-dels-nostres-clients-barcelona-fundes-sofa\/#primaryimage"},"thumbnailUrl":"https:\/\/blog.comfort-works.com\/wp-content\/uploads\/2017\/10\/AnneSotte-35-scaled.jpg","articleSection":["anuncios"],"inLanguage":"es","potentialAction":[{"@type":"CommentAction","name":"Comment","target":["https:\/\/blog.comfort-works.com\/es\/les-teles-favorites-dels-nostres-clients-barcelona-fundes-sofa\/#respond"]}]},{"@type":"WebPage","@id":"https:\/\/blog.comfort-works.com\/es\/les-teles-favorites-dels-nostres-clients-barcelona-fundes-sofa\/","url":"https:\/\/blog.comfort-works.com\/es\/les-teles-favorites-dels-nostres-clients-barcelona-fundes-sofa\/","name":"Les teles favorites dels nostres clients a Barcelona - Fundes Sof\u00e0","isPartOf":{"@id":"https:\/\/blog.comfort-works.com\/#website"},"primaryImageOfPage":{"@id":"https:\/\/blog.comfort-works.com\/es\/les-teles-favorites-dels-nostres-clients-barcelona-fundes-sofa\/#primaryimage"},"image":{"@id":"https:\/\/blog.comfort-works.com\/es\/les-teles-favorites-dels-nostres-clients-barcelona-fundes-sofa\/#primaryimage"},"thumbnailUrl":"https:\/\/blog.comfort-works.com\/wp-content\/uploads\/2017\/10\/AnneSotte-35-scaled.jpg","datePublished":"2017-10-21T14:30:52+00:00","dateModified":"2024-01-30T05:26:20+00:00","description":"R\u00e0nquing amb les fundes de sof\u00e0 preferides a Barcelona. Quines seran les teles preferides a la Ciutat Comtal? Et sorprendr\u00e0s!","inLanguage":"es","potentialAction":[{"@type":"ReadAction","target":["https:\/\/blog.comfort-works.com\/es\/les-teles-favorites-dels-nostres-clients-barcelona-fundes-sofa\/"]}]},{"@type":"ImageObject","inLanguage":"es","@id":"https:\/\/blog.comfort-works.com\/es\/les-teles-favorites-dels-nostres-clients-barcelona-fundes-sofa\/#primaryimage","url":"https:\/\/blog.comfort-works.com\/wp-content\/uploads\/2017\/10\/AnneSotte-35-scaled.jpg","contentUrl":"https:\/\/blog.comfort-works.com\/wp-content\/uploads\/2017\/10\/AnneSotte-35-scaled.jpg","width":2560,"height":1707},{"@type":"WebSite","@id":"https:\/\/blog.comfort-works.com\/#website","url":"https:\/\/blog.comfort-works.com\/","name":"Finding Comfort","description":"Everything you need to know about sofas","publisher":{"@id":"https:\/\/blog.comfort-works.com\/#organization"},"potentialAction":[{"@type":"SearchAction","target":{"@type":"EntryPoint","urlTemplate":"https:\/\/blog.comfort-works.com\/?s={search_term_string}"},"query-input":{"@type":"PropertyValueSpecification","valueRequired":true,"valueName":"search_term_string"}}],"inLanguage":"es"},{"@type":"Organization","@id":"https:\/\/blog.comfort-works.com\/#organization","name":"Comfort Works","url":"https:\/\/blog.comfort-works.com\/","logo":{"@type":"ImageObject","inLanguage":"es","@id":"https:\/\/blog.comfort-works.com\/#\/schema\/logo\/image\/","url":"https:\/\/blog.comfort-works.com\/wp-content\/uploads\/2025\/06\/Frame-31.png","contentUrl":"https:\/\/blog.comfort-works.com\/wp-content\/uploads\/2025\/06\/Frame-31.png","width":1200,"height":675,"caption":"Comfort Works"},"image":{"@id":"https:\/\/blog.comfort-works.com\/#\/schema\/logo\/image\/"},"sameAs":["https:\/\/www.facebook.com\/comfortworkscovers","https:\/\/x.com\/comfortworks","https:\/\/www.instagram.com\/comfortworks\/","https:\/\/www.pinterest.com\/comfortworks\/","https:\/\/www.youtube.com\/channel\/UCiY0z-GqZUzfeBwrAhT2kAg"]},{"@type":"Person","@id":"https:\/\/blog.comfort-works.com\/#\/schema\/person\/99ee364d85a090cabd5a8bb59e9a4115","name":"Abel","image":{"@type":"ImageObject","inLanguage":"es","@id":"https:\/\/blog.comfort-works.com\/#\/schema\/person\/image\/","url":"https:\/\/secure.gravatar.com\/avatar\/ffbf775fcaae3a0c97e89bffb495210c16f0fbceea633df4c50f89c21e905713?s=96&d=mm&r=g","contentUrl":"https:\/\/secure.gravatar.com\/avatar\/ffbf775fcaae3a0c97e89bffb495210c16f0fbceea633df4c50f89c21e905713?s=96&d=mm&r=g","caption":"Abel"},"description":"Abel is a brand storyteller with a flair for practical advice and product reviews. He created content that helped readers care for their sofas and make smarter style choices.","sameAs":["https:\/\/www.linkedin.com\/in\/abel-cceres-medina-1282b282\/"],"url":"https:\/\/blog.comfort-works.com\/es\/author\/abel\/"}]}},"_links":{"self":[{"href":"https:\/\/blog.comfort-works.com\/es\/wp-json\/wp\/v2\/posts\/25440","targetHints":{"allow":["GET"]}}],"collection":[{"href":"https:\/\/blog.comfort-works.com\/es\/wp-json\/wp\/v2\/posts"}],"about":[{"href":"https:\/\/blog.comfort-works.com\/es\/wp-json\/wp\/v2\/types\/post"}],"author":[{"embeddable":true,"href":"https:\/\/blog.comfort-works.com\/es\/wp-json\/wp\/v2\/users\/1001016"}],"replies":[{"embeddable":true,"href":"https:\/\/blog.comfort-works.com\/es\/wp-json\/wp\/v2\/comments?post=25440"}],"version-history":[{"count":17,"href":"https:\/\/blog.comfort-works.com\/es\/wp-json\/wp\/v2\/posts\/25440\/revisions"}],"predecessor-version":[{"id":113962,"href":"https:\/\/blog.comfort-works.com\/es\/wp-json\/wp\/v2\/posts\/25440\/revisions\/113962"}],"wp:featuredmedia":[{"embeddable":true,"href":"https:\/\/blog.comfort-works.com\/es\/wp-json\/wp\/v2\/media\/25407"}],"wp:attachment":[{"href":"https:\/\/blog.comfort-works.com\/es\/wp-json\/wp\/v2\/media?parent=25440"}],"wp:term":[{"taxonomy":"category","embeddable":true,"href":"https:\/\/blog.comfort-works.com\/es\/wp-json\/wp\/v2\/categories?post=25440"},{"taxonomy":"post_tag","embeddable":true,"href":"https:\/\/blog.comfort-works.com\/es\/wp-json\/wp\/v2\/tags?post=25440"}],"curies":[{"name":"wp","href":"https:\/\/api.w.org\/{rel}","templated":true}]}}