{"id":36851,"date":"2019-02-23T05:41:00","date_gmt":"2019-02-22T21:41:00","guid":{"rendered":"https:\/\/www.comfort-works.com\/news\/recensione-del-divano-vallentuna-ikea-qualcosa-di-sospetto-e-in-arrivo\/"},"modified":"2025-04-28T17:00:14","modified_gmt":"2025-04-28T09:00:14","slug":"recensione-del-divano-vallentuna-ikea-qualcosa-di-sospetto-e-in-arrivo","status":"publish","type":"post","link":"https:\/\/blog.comfort-works.com\/it\/recensione-del-divano-vallentuna-ikea-qualcosa-di-sospetto-e-in-arrivo\/","title":{"rendered":"Recensione del divano Vallentuna IKEA: qualcosa di sospetto \u00e8 in arrivo"},"content":{"rendered":"<p><span style=\"font-weight: 400;\">Recensiamo qui il la nuova proposta IKEA nel mondo dei divani, il <strong>Vallentuna<\/strong>. E\u2019 il miglior divano IKEA di sempre? O c\u2019\u00e8 qualcosa di losco nel regno di Svezia?<\/span><\/p>\n<p><span style=\"font-weight: 400;\">Effettivamente, non sto sparando baggianate: \u00e8 una specie di miscuglio pieno di imprevedibilit\u00e0.<\/span><\/p>\n<p><span style=\"font-weight: 400;\">E per varie ragioni. La prima: l\u2019insieme dei dettagli. Lanciato nel marzo 2016, la Vallentuna \u00e8 l\u2019ultima collezione completamente modulare made in Sweden, intesa per essere moderna e contemporanea. \u00c8 composta da moduli individuali che funzionano o come seduta, o come vano letto, o come vano contenitore. I designer sono Lisa Hilland, Eva Lilja L\u00f6wenhielm, e Andreas Fredriksson.<\/span><\/p>\n<p><span style=\"font-weight: 400;\">Vediamo adesso da vicino uno dei Vallentunae.<\/span><\/p>\n<p><a href=\"https:\/\/www.comfort-works.com\/news\/wp-content\/uploads\/2016\/08\/vallentuna.jpg\"><\/a><\/p>\n<p><span style=\"font-weight: 400;\">Questo \u00e8 il divano letto a 3 posti IKEA Vallentuna. Non tocco neanche l\u2019argomento tessuto, di bassissima qualit\u00e0; basta dare un\u2019occhiata al dislivello fra lo schienale e la protuberante seduta. Personalmente, prevedo numerosi incidenti nel mio futuro. Il modulo letto \u00e8 peraltro un letto singolo, quindi non il massimo dopo una notte fuori.<\/span><\/p>\n<p><a href=\"https:\/\/www.comfort-works.com\/news\/wp-content\/uploads\/2016\/08\/3-seat-vallentuna.jpg\"><\/a><\/p>\n<p><span style=\"font-weight: 400;\">Potete anche pensare che il 3 posti Vallentuna sia accettabile. E sarei d\u2019accordo con voi, \u00e8 decente. Se non fosse per quei corti schienali e braccioli, e la seduta sporgente ai lati. E\u2019 l\u2019unico elemento deludente di questo pezzo.<\/span><\/p>\n<p><span style=\"font-weight: 400;\">Poi per\u00f2 arriva questo anomalo suggerimento di combinazione. E a questo punto mi chiedo: ma perch\u00e9?<\/span><\/p>\n<p><a href=\"https:\/\/www.comfort-works.com\/news\/wp-content\/uploads\/2016\/08\/3-seat-vallentuna-01.jpg\"><\/a><\/p>\n<h3><span style=\"font-weight: 400;\">Elementi positivi<\/span><\/h3>\n<p><span style=\"font-weight: 400;\">Okay okay il Vallentuna non \u00e8 TUTTO male.<\/span><\/p>\n<p><span style=\"font-weight: 400;\">Qui ci sono alcuni vantaggi:<\/span><\/p>\n<p><span style=\"font-weight: 400;\">\u2028\u2013 E\u2019 modulare, quindi pu\u00f2 essere combinato e spostato in giro per casa fino a trovare la configurazione che preferite;<\/span><\/p>\n<p><span style=\"font-weight: 400;\">\u2013 <\/span><span style=\"font-weight: 400;\">I cuscini sono saldi: n\u00e9 ci si affloscia, n\u00e9 sono rigidi come marmo\u2028;<\/span><\/p>\n<p><span style=\"font-weight: 400;\">\u2013 <\/span><span style=\"font-weight: 400;\">Trasformarlo in letto \u00e8 abbastanza facile, basta tirare il cuscino;<\/span><\/p>\n<p><span style=\"font-weight: 400;\">\u2028\u2013 Le opzioni di tessuto sono in 8 colori di base.<\/span><\/p>\n<p><span style=\"font-weight: 400;\">A parte questo, per\u00f2 non possiamo dire che ci abbia fatto una grande impressione.<\/span><\/p>\n<p><span style=\"font-weight: 400;\">Chuck:&nbsp;\u201c<em>Grande concept, esecuzione discutibile<\/em>\u201d\u2028 Feli:&nbsp;\u201c<em>Non mi riesco a convincere di volermici sedere. E\u2019 orribile<\/em>\u201d (ndr: non ci si \u00e8 voluta sedere sul serio)\u2028<\/span><\/p>\n<p><span style=\"font-weight: 400;\">Chris:&nbsp;\u201c<em>E\u2019 troppo piccolo per me. E poi, non ha una base abbastanza solida. Quei muri ti fanno sentire come dentro a un cubicolo<\/em>\u201d (ndr: s\u00ec, \u00e8 un po\u2019 un albero)<\/span><\/p>\n<p><span style=\"font-weight: 400;\">Questo \u00e8 quanto.<\/span><\/p>\n<p><span style=\"font-weight: 400;\">Il verdetto generale per noi dovrebbe essere questo:\u2028<\/span><\/p>\n<p><span style=\"font-weight: 400;\">\u2013 <strong>Design\/Estetica<\/strong>: 5\/10<br \/>\n\u2013 <strong>Praticit\u00e0\/Comfort<\/strong>: 7\/10<br \/>\n\u2013 <strong>Prezzo<\/strong>: 5\/10 (preferirei il <a href=\"\/news?p=34895\" target=\"_blank\" rel=\"noopener noreferrer\">Kivik<\/a> ogni giorno)<\/span><\/p>\n<p><span style=\"font-weight: 400;\">Ma a ognuno il suo, naturalmente, quindi se avete un\u2019opinione differente \u2014 sentitevi liberi di condividerla nei commenti qui sotto.<\/span><\/p>\n<p><span style=\"font-weight: 400;\">P.S. Adesso realizziamo le <a href=\"https:\/\/comfort-works.com\/it\/vallentuna-sofa-covers-477\" target=\"_blank\" rel=\"noopener noreferrer\">fodere su misura<\/a> per il Vallentuna. Se ne avete bisogno.<\/span><\/p>\n","protected":false},"excerpt":{"rendered":"<p>Recensiamo qui il la nuova proposta IKEA nel mondo dei divani, il Vallentuna. E\u2019 il miglior divano IKEA di sempre? O c\u2019\u00e8 qualcosa di losco nel regno di Svezia? Effettivamente, non sto sparando baggianate: \u00e8 una specie di miscuglio pieno di imprevedibilit\u00e0. E per varie ragioni. La prima: l\u2019insieme dei dettagli. Lanciato nel marzo 2016, [&hellip;]<\/p>\n","protected":false},"author":1001007,"featured_media":37391,"comment_status":"open","ping_status":"closed","sticky":false,"template":"","format":"standard","meta":{"_acf_changed":false,"footnotes":""},"categories":[3],"tags":[719,728,379],"class_list":["post-36851","post","type-post","status-publish","format-standard","has-post-thumbnail","hentry","category-shoutout","tag-ikea-it","tag-recensioni","tag-reviews"],"acf":[],"yoast_head":"<!-- This site is optimized with the Yoast SEO Premium plugin v25.1 (Yoast SEO v25.1) - https:\/\/yoast.com\/wordpress\/plugins\/seo\/ -->\n<title>Recensione del divano Vallentuna IKEA: qualcosa di sospetto \u00e8 in arrivo<\/title>\n<meta name=\"description\" content=\"Ecco la recensione dell&#039;ultima offerta nel mondo dei divani IKEA, il divano Vallentuna. \u00c8 il miglior divano di sempre di IKEA? O c&#039;\u00e8 qualcosa di losco nello Stato svedese?\" \/>\n<meta name=\"robots\" content=\"index, follow, max-snippet:-1, max-image-preview:large, max-video-preview:-1\" \/>\n<link rel=\"canonical\" href=\"https:\/\/blog.comfort-works.com\/it\/recensione-del-divano-vallentuna-ikea-qualcosa-di-sospetto-e-in-arrivo\/\" \/>\n<meta property=\"og:locale\" content=\"it_IT\" \/>\n<meta property=\"og:type\" content=\"article\" \/>\n<meta property=\"og:title\" content=\"Recensione del divano Vallentuna IKEA: qualcosa di sospetto \u00e8 in arrivo\" \/>\n<meta property=\"og:description\" content=\"Ecco la recensione dell&#039;ultima offerta nel mondo dei divani IKEA, il divano Vallentuna. \u00c8 il miglior divano di sempre di IKEA? O c&#039;\u00e8 qualcosa di losco nello Stato svedese?\" \/>\n<meta property=\"og:url\" content=\"https:\/\/blog.comfort-works.com\/it\/recensione-del-divano-vallentuna-ikea-qualcosa-di-sospetto-e-in-arrivo\/\" \/>\n<meta property=\"og:site_name\" content=\"Comfort Works Blog &amp; Sofa Resources\" \/>\n<meta property=\"article:publisher\" content=\"https:\/\/www.facebook.com\/comfortworkscovers\" \/>\n<meta property=\"article:published_time\" content=\"2019-02-22T21:41:00+00:00\" \/>\n<meta property=\"article:modified_time\" content=\"2025-04-28T09:00:14+00:00\" \/>\n<meta property=\"og:image\" content=\"http:\/\/blog-v3.comfort-works.com\/wp-content\/uploads\/2019\/02\/3-seat-vallentuna-01-e1490608876568.jpg\" \/>\n\t<meta property=\"og:image:width\" content=\"2000\" \/>\n\t<meta property=\"og:image:height\" content=\"1205\" \/>\n\t<meta property=\"og:image:type\" content=\"image\/jpeg\" \/>\n<meta name=\"author\" content=\"Chris\" \/>\n<meta name=\"twitter:card\" content=\"summary_large_image\" \/>\n<meta name=\"twitter:creator\" content=\"@comfortworks\" \/>\n<meta name=\"twitter:site\" content=\"@comfortworks\" \/>\n<meta name=\"twitter:label1\" content=\"Scritto da\" \/>\n\t<meta name=\"twitter:data1\" content=\"Chris\" \/>\n\t<meta name=\"twitter:label2\" content=\"Tempo di lettura stimato\" \/>\n\t<meta name=\"twitter:data2\" content=\"2 minuti\" \/>\n<script type=\"application\/ld+json\" class=\"yoast-schema-graph\">{\"@context\":\"https:\/\/schema.org\",\"@graph\":[{\"@type\":\"Article\",\"@id\":\"https:\/\/blog.comfort-works.com\/it\/recensione-del-divano-vallentuna-ikea-qualcosa-di-sospetto-e-in-arrivo\/#article\",\"isPartOf\":{\"@id\":\"https:\/\/blog.comfort-works.com\/it\/recensione-del-divano-vallentuna-ikea-qualcosa-di-sospetto-e-in-arrivo\/\"},\"author\":{\"name\":\"Chris\",\"@id\":\"https:\/\/blog.comfort-works.com\/#\/schema\/person\/e4b2772992030830f531596cdec6551c\"},\"headline\":\"Recensione del divano Vallentuna IKEA: qualcosa di sospetto \u00e8 in arrivo\",\"datePublished\":\"2019-02-22T21:41:00+00:00\",\"dateModified\":\"2025-04-28T09:00:14+00:00\",\"mainEntityOfPage\":{\"@id\":\"https:\/\/blog.comfort-works.com\/it\/recensione-del-divano-vallentuna-ikea-qualcosa-di-sospetto-e-in-arrivo\/\"},\"wordCount\":413,\"commentCount\":3,\"publisher\":{\"@id\":\"https:\/\/blog.comfort-works.com\/#organization\"},\"image\":{\"@id\":\"https:\/\/blog.comfort-works.com\/it\/recensione-del-divano-vallentuna-ikea-qualcosa-di-sospetto-e-in-arrivo\/#primaryimage\"},\"thumbnailUrl\":\"https:\/\/blog.comfort-works.com\/wp-content\/uploads\/2019\/02\/3-seat-vallentuna-01-e1490608876568.jpg\",\"keywords\":[\"ikea\",\"recensioni\",\"Reviews\"],\"articleSection\":[\"announcements\"],\"inLanguage\":\"it-IT\",\"potentialAction\":[{\"@type\":\"CommentAction\",\"name\":\"Comment\",\"target\":[\"https:\/\/blog.comfort-works.com\/it\/recensione-del-divano-vallentuna-ikea-qualcosa-di-sospetto-e-in-arrivo\/#respond\"]}]},{\"@type\":\"WebPage\",\"@id\":\"https:\/\/blog.comfort-works.com\/it\/recensione-del-divano-vallentuna-ikea-qualcosa-di-sospetto-e-in-arrivo\/\",\"url\":\"https:\/\/blog.comfort-works.com\/it\/recensione-del-divano-vallentuna-ikea-qualcosa-di-sospetto-e-in-arrivo\/\",\"name\":\"Recensione del divano Vallentuna IKEA: qualcosa di sospetto \u00e8 in arrivo\",\"isPartOf\":{\"@id\":\"https:\/\/blog.comfort-works.com\/#website\"},\"primaryImageOfPage\":{\"@id\":\"https:\/\/blog.comfort-works.com\/it\/recensione-del-divano-vallentuna-ikea-qualcosa-di-sospetto-e-in-arrivo\/#primaryimage\"},\"image\":{\"@id\":\"https:\/\/blog.comfort-works.com\/it\/recensione-del-divano-vallentuna-ikea-qualcosa-di-sospetto-e-in-arrivo\/#primaryimage\"},\"thumbnailUrl\":\"https:\/\/blog.comfort-works.com\/wp-content\/uploads\/2019\/02\/3-seat-vallentuna-01-e1490608876568.jpg\",\"datePublished\":\"2019-02-22T21:41:00+00:00\",\"dateModified\":\"2025-04-28T09:00:14+00:00\",\"description\":\"Ecco la recensione dell'ultima offerta nel mondo dei divani IKEA, il divano Vallentuna. \u00c8 il miglior divano di sempre di IKEA? O c'\u00e8 qualcosa di losco nello Stato svedese?\",\"inLanguage\":\"it-IT\",\"potentialAction\":[{\"@type\":\"ReadAction\",\"target\":[\"https:\/\/blog.comfort-works.com\/it\/recensione-del-divano-vallentuna-ikea-qualcosa-di-sospetto-e-in-arrivo\/\"]}]},{\"@type\":\"ImageObject\",\"inLanguage\":\"it-IT\",\"@id\":\"https:\/\/blog.comfort-works.com\/it\/recensione-del-divano-vallentuna-ikea-qualcosa-di-sospetto-e-in-arrivo\/#primaryimage\",\"url\":\"https:\/\/blog.comfort-works.com\/wp-content\/uploads\/2019\/02\/3-seat-vallentuna-01-e1490608876568.jpg\",\"contentUrl\":\"https:\/\/blog.comfort-works.com\/wp-content\/uploads\/2019\/02\/3-seat-vallentuna-01-e1490608876568.jpg\",\"width\":2000,\"height\":1205},{\"@type\":\"WebSite\",\"@id\":\"https:\/\/blog.comfort-works.com\/#website\",\"url\":\"https:\/\/blog.comfort-works.com\/\",\"name\":\"Finding Comfort\",\"description\":\"Everything you need to know about sofas\",\"publisher\":{\"@id\":\"https:\/\/blog.comfort-works.com\/#organization\"},\"potentialAction\":[{\"@type\":\"SearchAction\",\"target\":{\"@type\":\"EntryPoint\",\"urlTemplate\":\"https:\/\/blog.comfort-works.com\/?s={search_term_string}\"},\"query-input\":{\"@type\":\"PropertyValueSpecification\",\"valueRequired\":true,\"valueName\":\"search_term_string\"}}],\"inLanguage\":\"it-IT\"},{\"@type\":\"Organization\",\"@id\":\"https:\/\/blog.comfort-works.com\/#organization\",\"name\":\"Comfort Works\",\"url\":\"https:\/\/blog.comfort-works.com\/\",\"logo\":{\"@type\":\"ImageObject\",\"inLanguage\":\"it-IT\",\"@id\":\"https:\/\/blog.comfort-works.com\/#\/schema\/logo\/image\/\",\"url\":\"https:\/\/blog.comfort-works.com\/wp-content\/uploads\/2025\/06\/Frame-31.png\",\"contentUrl\":\"https:\/\/blog.comfort-works.com\/wp-content\/uploads\/2025\/06\/Frame-31.png\",\"width\":1200,\"height\":675,\"caption\":\"Comfort Works\"},\"image\":{\"@id\":\"https:\/\/blog.comfort-works.com\/#\/schema\/logo\/image\/\"},\"sameAs\":[\"https:\/\/www.facebook.com\/comfortworkscovers\",\"https:\/\/x.com\/comfortworks\",\"https:\/\/www.instagram.com\/comfortworks\/\",\"https:\/\/www.pinterest.com\/comfortworks\/\",\"https:\/\/www.youtube.com\/channel\/UCiY0z-GqZUzfeBwrAhT2kAg\"]},{\"@type\":\"Person\",\"@id\":\"https:\/\/blog.comfort-works.com\/#\/schema\/person\/e4b2772992030830f531596cdec6551c\",\"name\":\"Chris\",\"image\":{\"@type\":\"ImageObject\",\"inLanguage\":\"it-IT\",\"@id\":\"https:\/\/blog.comfort-works.com\/#\/schema\/person\/image\/\",\"url\":\"https:\/\/secure.gravatar.com\/avatar\/7b9ce5b80ddd7daabd0229cd69da0aa5e3f63f684696a45f95e67c3cbafc1cb3?s=96&d=mm&r=g\",\"contentUrl\":\"https:\/\/secure.gravatar.com\/avatar\/7b9ce5b80ddd7daabd0229cd69da0aa5e3f63f684696a45f95e67c3cbafc1cb3?s=96&d=mm&r=g\",\"caption\":\"Chris\"},\"description\":\"Chris is a product thinker with a practical eye and a passion for helping people make smart sofa decisions. At CW, he wrote in-depth reviews that paired tech-minded precision with real-home relevance.\",\"sameAs\":[\"https:\/\/www.linkedin.com\/in\/christopher-rudra\/\"],\"url\":\"https:\/\/blog.comfort-works.com\/it\/author\/chris\/\"}]}<\/script>\n<!-- \/ Yoast SEO Premium plugin. -->","yoast_head_json":{"title":"Recensione del divano Vallentuna IKEA: qualcosa di sospetto \u00e8 in arrivo","description":"Ecco la recensione dell'ultima offerta nel mondo dei divani IKEA, il divano Vallentuna. \u00c8 il miglior divano di sempre di IKEA? O c'\u00e8 qualcosa di losco nello Stato svedese?","robots":{"index":"index","follow":"follow","max-snippet":"max-snippet:-1","max-image-preview":"max-image-preview:large","max-video-preview":"max-video-preview:-1"},"canonical":"https:\/\/blog.comfort-works.com\/it\/recensione-del-divano-vallentuna-ikea-qualcosa-di-sospetto-e-in-arrivo\/","og_locale":"it_IT","og_type":"article","og_title":"Recensione del divano Vallentuna IKEA: qualcosa di sospetto \u00e8 in arrivo","og_description":"Ecco la recensione dell'ultima offerta nel mondo dei divani IKEA, il divano Vallentuna. \u00c8 il miglior divano di sempre di IKEA? O c'\u00e8 qualcosa di losco nello Stato svedese?","og_url":"https:\/\/blog.comfort-works.com\/it\/recensione-del-divano-vallentuna-ikea-qualcosa-di-sospetto-e-in-arrivo\/","og_site_name":"Comfort Works Blog &amp; Sofa Resources","article_publisher":"https:\/\/www.facebook.com\/comfortworkscovers","article_published_time":"2019-02-22T21:41:00+00:00","article_modified_time":"2025-04-28T09:00:14+00:00","og_image":[{"width":2000,"height":1205,"url":"http:\/\/blog-v3.comfort-works.com\/wp-content\/uploads\/2019\/02\/3-seat-vallentuna-01-e1490608876568.jpg","type":"image\/jpeg"}],"author":"Chris","twitter_card":"summary_large_image","twitter_creator":"@comfortworks","twitter_site":"@comfortworks","twitter_misc":{"Scritto da":"Chris","Tempo di lettura stimato":"2 minuti"},"schema":{"@context":"https:\/\/schema.org","@graph":[{"@type":"Article","@id":"https:\/\/blog.comfort-works.com\/it\/recensione-del-divano-vallentuna-ikea-qualcosa-di-sospetto-e-in-arrivo\/#article","isPartOf":{"@id":"https:\/\/blog.comfort-works.com\/it\/recensione-del-divano-vallentuna-ikea-qualcosa-di-sospetto-e-in-arrivo\/"},"author":{"name":"Chris","@id":"https:\/\/blog.comfort-works.com\/#\/schema\/person\/e4b2772992030830f531596cdec6551c"},"headline":"Recensione del divano Vallentuna IKEA: qualcosa di sospetto \u00e8 in arrivo","datePublished":"2019-02-22T21:41:00+00:00","dateModified":"2025-04-28T09:00:14+00:00","mainEntityOfPage":{"@id":"https:\/\/blog.comfort-works.com\/it\/recensione-del-divano-vallentuna-ikea-qualcosa-di-sospetto-e-in-arrivo\/"},"wordCount":413,"commentCount":3,"publisher":{"@id":"https:\/\/blog.comfort-works.com\/#organization"},"image":{"@id":"https:\/\/blog.comfort-works.com\/it\/recensione-del-divano-vallentuna-ikea-qualcosa-di-sospetto-e-in-arrivo\/#primaryimage"},"thumbnailUrl":"https:\/\/blog.comfort-works.com\/wp-content\/uploads\/2019\/02\/3-seat-vallentuna-01-e1490608876568.jpg","keywords":["ikea","recensioni","Reviews"],"articleSection":["announcements"],"inLanguage":"it-IT","potentialAction":[{"@type":"CommentAction","name":"Comment","target":["https:\/\/blog.comfort-works.com\/it\/recensione-del-divano-vallentuna-ikea-qualcosa-di-sospetto-e-in-arrivo\/#respond"]}]},{"@type":"WebPage","@id":"https:\/\/blog.comfort-works.com\/it\/recensione-del-divano-vallentuna-ikea-qualcosa-di-sospetto-e-in-arrivo\/","url":"https:\/\/blog.comfort-works.com\/it\/recensione-del-divano-vallentuna-ikea-qualcosa-di-sospetto-e-in-arrivo\/","name":"Recensione del divano Vallentuna IKEA: qualcosa di sospetto \u00e8 in arrivo","isPartOf":{"@id":"https:\/\/blog.comfort-works.com\/#website"},"primaryImageOfPage":{"@id":"https:\/\/blog.comfort-works.com\/it\/recensione-del-divano-vallentuna-ikea-qualcosa-di-sospetto-e-in-arrivo\/#primaryimage"},"image":{"@id":"https:\/\/blog.comfort-works.com\/it\/recensione-del-divano-vallentuna-ikea-qualcosa-di-sospetto-e-in-arrivo\/#primaryimage"},"thumbnailUrl":"https:\/\/blog.comfort-works.com\/wp-content\/uploads\/2019\/02\/3-seat-vallentuna-01-e1490608876568.jpg","datePublished":"2019-02-22T21:41:00+00:00","dateModified":"2025-04-28T09:00:14+00:00","description":"Ecco la recensione dell'ultima offerta nel mondo dei divani IKEA, il divano Vallentuna. \u00c8 il miglior divano di sempre di IKEA? O c'\u00e8 qualcosa di losco nello Stato svedese?","inLanguage":"it-IT","potentialAction":[{"@type":"ReadAction","target":["https:\/\/blog.comfort-works.com\/it\/recensione-del-divano-vallentuna-ikea-qualcosa-di-sospetto-e-in-arrivo\/"]}]},{"@type":"ImageObject","inLanguage":"it-IT","@id":"https:\/\/blog.comfort-works.com\/it\/recensione-del-divano-vallentuna-ikea-qualcosa-di-sospetto-e-in-arrivo\/#primaryimage","url":"https:\/\/blog.comfort-works.com\/wp-content\/uploads\/2019\/02\/3-seat-vallentuna-01-e1490608876568.jpg","contentUrl":"https:\/\/blog.comfort-works.com\/wp-content\/uploads\/2019\/02\/3-seat-vallentuna-01-e1490608876568.jpg","width":2000,"height":1205},{"@type":"WebSite","@id":"https:\/\/blog.comfort-works.com\/#website","url":"https:\/\/blog.comfort-works.com\/","name":"Finding Comfort","description":"Everything you need to know about sofas","publisher":{"@id":"https:\/\/blog.comfort-works.com\/#organization"},"potentialAction":[{"@type":"SearchAction","target":{"@type":"EntryPoint","urlTemplate":"https:\/\/blog.comfort-works.com\/?s={search_term_string}"},"query-input":{"@type":"PropertyValueSpecification","valueRequired":true,"valueName":"search_term_string"}}],"inLanguage":"it-IT"},{"@type":"Organization","@id":"https:\/\/blog.comfort-works.com\/#organization","name":"Comfort Works","url":"https:\/\/blog.comfort-works.com\/","logo":{"@type":"ImageObject","inLanguage":"it-IT","@id":"https:\/\/blog.comfort-works.com\/#\/schema\/logo\/image\/","url":"https:\/\/blog.comfort-works.com\/wp-content\/uploads\/2025\/06\/Frame-31.png","contentUrl":"https:\/\/blog.comfort-works.com\/wp-content\/uploads\/2025\/06\/Frame-31.png","width":1200,"height":675,"caption":"Comfort Works"},"image":{"@id":"https:\/\/blog.comfort-works.com\/#\/schema\/logo\/image\/"},"sameAs":["https:\/\/www.facebook.com\/comfortworkscovers","https:\/\/x.com\/comfortworks","https:\/\/www.instagram.com\/comfortworks\/","https:\/\/www.pinterest.com\/comfortworks\/","https:\/\/www.youtube.com\/channel\/UCiY0z-GqZUzfeBwrAhT2kAg"]},{"@type":"Person","@id":"https:\/\/blog.comfort-works.com\/#\/schema\/person\/e4b2772992030830f531596cdec6551c","name":"Chris","image":{"@type":"ImageObject","inLanguage":"it-IT","@id":"https:\/\/blog.comfort-works.com\/#\/schema\/person\/image\/","url":"https:\/\/secure.gravatar.com\/avatar\/7b9ce5b80ddd7daabd0229cd69da0aa5e3f63f684696a45f95e67c3cbafc1cb3?s=96&d=mm&r=g","contentUrl":"https:\/\/secure.gravatar.com\/avatar\/7b9ce5b80ddd7daabd0229cd69da0aa5e3f63f684696a45f95e67c3cbafc1cb3?s=96&d=mm&r=g","caption":"Chris"},"description":"Chris is a product thinker with a practical eye and a passion for helping people make smart sofa decisions. At CW, he wrote in-depth reviews that paired tech-minded precision with real-home relevance.","sameAs":["https:\/\/www.linkedin.com\/in\/christopher-rudra\/"],"url":"https:\/\/blog.comfort-works.com\/it\/author\/chris\/"}]}},"_links":{"self":[{"href":"https:\/\/blog.comfort-works.com\/it\/wp-json\/wp\/v2\/posts\/36851","targetHints":{"allow":["GET"]}}],"collection":[{"href":"https:\/\/blog.comfort-works.com\/it\/wp-json\/wp\/v2\/posts"}],"about":[{"href":"https:\/\/blog.comfort-works.com\/it\/wp-json\/wp\/v2\/types\/post"}],"author":[{"embeddable":true,"href":"https:\/\/blog.comfort-works.com\/it\/wp-json\/wp\/v2\/users\/1001007"}],"replies":[{"embeddable":true,"href":"https:\/\/blog.comfort-works.com\/it\/wp-json\/wp\/v2\/comments?post=36851"}],"version-history":[{"count":6,"href":"https:\/\/blog.comfort-works.com\/it\/wp-json\/wp\/v2\/posts\/36851\/revisions"}],"predecessor-version":[{"id":107406,"href":"https:\/\/blog.comfort-works.com\/it\/wp-json\/wp\/v2\/posts\/36851\/revisions\/107406"}],"wp:featuredmedia":[{"embeddable":true,"href":"https:\/\/blog.comfort-works.com\/it\/wp-json\/wp\/v2\/media\/37391"}],"wp:attachment":[{"href":"https:\/\/blog.comfort-works.com\/it\/wp-json\/wp\/v2\/media?parent=36851"}],"wp:term":[{"taxonomy":"category","embeddable":true,"href":"https:\/\/blog.comfort-works.com\/it\/wp-json\/wp\/v2\/categories?post=36851"},{"taxonomy":"post_tag","embeddable":true,"href":"https:\/\/blog.comfort-works.com\/it\/wp-json\/wp\/v2\/tags?post=36851"}],"curies":[{"name":"wp","href":"https:\/\/api.w.org\/{rel}","templated":true}]}}